{"id":5508,"date":"2026-04-26T13:51:35","date_gmt":"2026-04-26T11:51:35","guid":{"rendered":"https:\/\/www.maratondebno.pl\/?p=5508"},"modified":"2026-04-26T13:51:38","modified_gmt":"2026-04-26T11:51:38","slug":"porozmawiajmy-o-maratonie-debno-jozef-podbereski","status":"publish","type":"post","link":"https:\/\/www.maratondebno.pl\/de\/porozmawiajmy-o-maratonie-debno-jozef-podbereski\/","title":{"rendered":"Reden wir \u00fcber den D\u0119bno-Marathon... J\u00f3zef Podbereski"},"content":{"rendered":"<p>Trwaj\u0105 zapisy na 52. Maraton D\u0119bno 2026, kt\u00f3ry odb\u0119dzie si\u0119 18 pa\u017adziernika 2026 roku. Je\u015bli chcesz pozna\u0107 histori\u0119 najstarszego biegu marato\u0144skiego w Polsce oraz prze\u017cy\u0107 niezapomnian\u0105 przygod\u0119 to zapisz si\u0119 ju\u017c teraz na kolejn\u0105 edycj\u0119 d\u0119bnowskiego maratonu. Zapisy prowadzone s\u0105 pod adresem: <a href=\"https:\/\/liveds.datasport.pl\/zawody_files\/zawody12150.html\" target=\"_blank\" rel=\"noopener\">52. D\u0119bno-Marathon 2026 \u2013 Anmelde-Panel<\/a><\/p>\n\n\n\n<p>Zapraszamy do lektury kolejnej cz\u0119\u015bci cyklu \u201cPorozmawiajmy o Maratonie D\u0119bno\u2026\u201d. Tym razem chcieliby\u015bmy przybli\u017cy\u0107 posta\u0107 J\u00f3zefa Podbereskiego.<\/p>\n\n\n\n<figure class=\"wp-block-image size-large\"><img fetchpriority=\"high\" decoding=\"async\" width=\"681\" height=\"1024\" src=\"https:\/\/www.maratondebno.pl\/wp-content\/uploads\/2026\/04\/Jozef-Podbereski-z-Cychr-jest-najbardziej-utytuowanym-maratonczykiem-z-Gminy-Debno-681x1024.jpg\" alt=\"\" class=\"wp-image-5510\" srcset=\"https:\/\/www.maratondebno.pl\/wp-content\/uploads\/2026\/04\/Jozef-Podbereski-z-Cychr-jest-najbardziej-utytuowanym-maratonczykiem-z-Gminy-Debno-681x1024.jpg 681w, https:\/\/www.maratondebno.pl\/wp-content\/uploads\/2026\/04\/Jozef-Podbereski-z-Cychr-jest-najbardziej-utytuowanym-maratonczykiem-z-Gminy-Debno-199x300.jpg 199w, https:\/\/www.maratondebno.pl\/wp-content\/uploads\/2026\/04\/Jozef-Podbereski-z-Cychr-jest-najbardziej-utytuowanym-maratonczykiem-z-Gminy-Debno-768x1155.jpg 768w, https:\/\/www.maratondebno.pl\/wp-content\/uploads\/2026\/04\/Jozef-Podbereski-z-Cychr-jest-najbardziej-utytuowanym-maratonczykiem-z-Gminy-Debno-1021x1536.jpg 1021w, https:\/\/www.maratondebno.pl\/wp-content\/uploads\/2026\/04\/Jozef-Podbereski-z-Cychr-jest-najbardziej-utytuowanym-maratonczykiem-z-Gminy-Debno-1362x2048.jpg 1362w, https:\/\/www.maratondebno.pl\/wp-content\/uploads\/2026\/04\/Jozef-Podbereski-z-Cychr-jest-najbardziej-utytuowanym-maratonczykiem-z-Gminy-Debno-8x12.jpg 8w, https:\/\/www.maratondebno.pl\/wp-content\/uploads\/2026\/04\/Jozef-Podbereski-z-Cychr-jest-najbardziej-utytuowanym-maratonczykiem-z-Gminy-Debno-scaled.jpg 1702w\" sizes=\"(max-width: 681px) 100vw, 681px\" \/><\/figure>\n\n\n\n<p>Pierwszy raz o maratonie us\u0142ysza\u0142em, gdy zosta\u0142 on przeniesiony z Cedyni do D\u0119bna w 1973 roku. Poniewa\u017c mia\u0142em wtedy 10 lat, by\u0142em ju\u017c prawie w pe\u0142ni \u015bwiadomy tego o co tu chodzi.\u00a0 Skuszony plakatami, kt\u00f3re rozwieszane by\u0142y r\u00f3wnie\u017c w Cychrach jako\u015b udawa\u0142o mi si\u0119 dotrze\u0107 (pewnie rowerem) do D\u0119bna w dniu jego rozgrywania. By\u0142o to tym bardziej kusz\u0105ce, \u017ce mieli tam startowa\u0107 zawodnicy z wielu kraj\u00f3w.<\/p>\n\n\n\n<p>W\u0142a\u015bnie w 1975 roku startowa\u0142 najwybitniejszy zawodnik jakiego go\u015bci\u0142o D\u0119bno, czyli Ronald Hill. To pierwszy cz\u0142owiek, kt\u00f3ry z\u0142ama\u0142 granic\u0119 2:10:00 w maratonie, a tak\u017ce mistrz Europy.&nbsp; Mia\u0142em przyjemno\u015b\u0107 pozna\u0107 go osobi\u015bcie we Francji w 2007 roku. W\u00f3wczas by\u0142 to ju\u017c 69-letni pan, kt\u00f3ry postawi\u0142 sobie za cel start w 100 krajach \u015bwiata. Jak go pozna\u0142em mia\u0142 ju\u017c 90. Poza tym przemi\u0142y cz\u0142owiek.<\/p>\n\n\n\n<p>W 2012 roku we Francji spotka\u0142em koleg\u0119 Francuza, kt\u00f3ry biega\u0142 w D\u0119bnie na pocz\u0105tku lat 80. i dobrze wspomina t\u0105 imprez\u0119.&nbsp; Pami\u0119tam te\u017c kilku innych zwyci\u0119zc\u00f3w czy czo\u0142owych zawodnik\u00f3w. Wielu z nich by\u0142o p\u00f3\u017aniej moimi kolegami. Kilka lat temu spotka\u0142em Zbyszka Pierzynk\u0119 &#8211; trzykrotnego zwyci\u0119zc\u0119 biegu, kt\u00f3ry twierdzi, \u017ce to by\u0142y jedne z najwi\u0119kszych jego sukces\u00f3w. M\u00f3g\u0142bym teraz przywo\u0142a\u0107 wiele nazwisk tych, kt\u00f3rzy wyr\u00f3\u017cnili si\u0119 i kt\u00f3rych mia\u0142em okazj\u0119 pozna\u0107, nawet do\u015b\u0107 blisko, ale m\u00f3g\u0142bym kogo\u015b pomin\u0105\u0107.<\/p>\n\n\n\n<p>Chyba w si\u00f3dmej klasie na lekcji wychowania fizycznego, odkry\u0142em, \u017ce potrafi\u0119 przebiec wi\u0119cej i szybciej ni\u017c moi r\u00f3wie\u015bnicy z klasy, co w po\u0142\u0105czeniu z rokrocznie rozgrywanym maratonem w D\u0119bnie, przekona\u0142o mnie, \u017ce ja te\u017c bym tak potrafi\u0142. Twierdz\u0119 wi\u0119c, \u017ce maraton w D\u0119bnie by\u0142 dla mnie inspiracj\u0105 do biegania. Czeka\u0142em tylko kiedy osi\u0105gn\u0119 odpowiedni wiek. Okazja nadarzy\u0142a si\u0119 w 1979 roku. Pojechali\u015bmy z koleg\u0105 z Cychr do Warszawy i tam o dziwo po trzech miesi\u0105cach biegania osi\u0105gn\u0105\u0142em wynik 3:10. W nast\u0119pnym roku zapisany by\u0142em nawet do startu w D\u0119bnie. Kto\u015b mi jednak wyt\u0142umaczy\u0142, \u017ce droga do maratonu jest zupe\u0142nie inna.<\/p>\n\n\n\n<p>Na debiut wi\u0119c musia\u0142em poczeka\u0107 do 1984 roku. Uwa\u017cam, \u017ce by\u0142 to moment prze\u0142omowy, gdzie ze zwyk\u0142ego truchtacza sta\u0142em si\u0119 biegaczem. Z przyzwoitym wynikiem 2:23 zaj\u0105\u0142em skromne 31. miejsce. Doda\u0107 musz\u0119, \u017ce prawie ca\u0142y dystans bieg\u0142em sam. Wynik ten jest dla mnie tym bardziej warto\u015bciowy, poniewa\u017c osi\u0105gn\u0105\u0142em go maj\u0105c zaledwie 20 lat.<\/p>\n\n\n\n<p>W 1986 roku mia\u0142em przyjemno\u015b\u0107 uczestniczy\u0107 w najszybszym maratonie jaki si\u0119 odby\u0142 w Polsce i obawiam si\u0119, \u017ce b\u0119dzie takim jeszcze baaaardzo d\u0142ugo. \u017beby nie by\u0107 go\u0142os\u0142ownym, przypomn\u0119, \u017ce Antoni Niemczak wygra\u0142 z wynikiem 2:10:34, a wynik 2:12:00 nie dawa\u0142 miejsca na podium. Ja uko\u0144czy\u0142em go ze skromnym 2:21:18 i miejscem&#8230; 41-szym. Przygotowany by\u0142em \u015bwietnie. Do 30 km bieg\u0142em na wynik oko\u0142o 2:12. Ostatnie kilometry to by\u0142a prawdziwa \u201ewalka o \u017cycie\u201d. Gdyby nie u\u0142a\u0144ska fantazja, kt\u00f3ra mnie ponios\u0142a, wynik na mecie by\u0142by zapewne lepszy. Po tym biegu par\u0119 tygodni dochodzi\u0142em do siebie.<\/p>\n\n\n\n<p>P\u00f3\u017aniej ju\u017c nie by\u0142o tak wyj\u0105tkowych bieg\u00f3w. Zdarza\u0142o si\u0119, \u017ce kontuzje albo inne wzgl\u0119dy nie pozwala\u0142y mi na start. Po reaktywacji w 1999 roku startowa\u0142em ju\u017c z innej pozycji i zupe\u0142nie innej sytuacji. Mia\u0142em inn\u0105 motywacj\u0119 i biega\u0142em bez specjalnego przygotowania. Wychodzi\u0142o r\u00f3\u017cnie, ale wszystkie biegi, w kt\u00f3rych startowa\u0142em uko\u0144czy\u0142em. Z kilku by\u0142em naprawd\u0119 zadowolony, bior\u0105c pod uwag\u0119 m\u00f3j wiek i przygotowania. Chyba jednak troch\u0119 \u017ca\u0142uj\u0119, \u017ce najlepsze moje lata sportowe przypad\u0142y na rozkwit maratonu, a p\u00f3\u017aniej zaniechano jego organizacji. Wierz\u0119, \u017ce by\u0142bym w stanie zapisa\u0107 si\u0119 bardziej znacz\u0105co. No ale to ju\u017c historia.&nbsp; Obiektywnie przyznaj\u0119, \u017ce bieg zorganizowany jest bardzo dobrze, mimo, \u017ce w paru kwestiach mam inne zdanie ni\u017c organizatorzy. Moim zdaniem trasa by\u0142aby szybsza gdyby prowadzona by\u0142a w odwrotna stron\u0119. Troch\u0119 boli te\u017c, \u017ce w mojej rodzinnej wsi \u2013 Cychrach \u2013 zainteresowanie imprez\u0105 jest mniejsze ni\u017c w Dargomy\u015blu.<\/p>\n\n\n\n<p>\u00a0\u00a0\u00a0\u00a0\u00a0\u00a0\u00a0\u00a0\u00a0\u00a0\u00a0 Maraton to szczeg\u00f3lna konkurencja. Dystans jest strasznie d\u0142ugi i ci\u0119\u017cki. Cierpi\u0105 nie tylko amatorzy, ale r\u00f3wnie\u017c zawodowcy. Kto\u015b kiedy\u015b powiedzia\u0142, \u017ce maraton jest jak \u017cycie \u2013 zaczynasz go z werw\u0105 jak niemowlak, a ko\u0144czysz jak staruszek. Jest to \u015bwi\u0119ta prawda. <\/p>\n\n\n\n<figure class=\"wp-block-image size-full\"><img decoding=\"async\" width=\"1013\" height=\"622\" src=\"https:\/\/www.maratondebno.pl\/wp-content\/uploads\/2026\/04\/Jozef-Podbereski-pierwszy-od-prawej-jest-najbardziej-utytuowanym-maratonczykiem-z-gminy-Debno.jpg\" alt=\"\" class=\"wp-image-5511\" srcset=\"https:\/\/www.maratondebno.pl\/wp-content\/uploads\/2026\/04\/Jozef-Podbereski-pierwszy-od-prawej-jest-najbardziej-utytuowanym-maratonczykiem-z-gminy-Debno.jpg 1013w, https:\/\/www.maratondebno.pl\/wp-content\/uploads\/2026\/04\/Jozef-Podbereski-pierwszy-od-prawej-jest-najbardziej-utytuowanym-maratonczykiem-z-gminy-Debno-300x184.jpg 300w, https:\/\/www.maratondebno.pl\/wp-content\/uploads\/2026\/04\/Jozef-Podbereski-pierwszy-od-prawej-jest-najbardziej-utytuowanym-maratonczykiem-z-gminy-Debno-768x472.jpg 768w, https:\/\/www.maratondebno.pl\/wp-content\/uploads\/2026\/04\/Jozef-Podbereski-pierwszy-od-prawej-jest-najbardziej-utytuowanym-maratonczykiem-z-gminy-Debno-18x12.jpg 18w\" sizes=\"(max-width: 1013px) 100vw, 1013px\" \/><figcaption class=\"wp-element-caption\">J\u00f3zef Podbereski (pierwszy z prawej) podczas d\u0119bnowskiego maratonu w 1987 roku<\/figcaption><\/figure>\n\n\n\n<p><strong>J\u00f3zef Andrzej Podbereski<\/strong> \u2013 (ur. 1963) najbardziej utytu\u0142owany biegacz z Miasta i Gminy D\u0119bno. Wywodzi si\u0119 z Cychr. Wielokrotny uczestnik d\u0119bnowskich maraton\u00f3w. Najlepszy czas osi\u0105gn\u0105\u0142 w 1986 roku \u2013 2:21:18. Najlepsze miejsce za\u015b w 1999 roku \u2013 si\u00f3dme. Rekord \u017cyciowy w maratonie (2:19) uzyska\u0142 Marsylii w 1989 roku. Pozosta\u0142e rekordy \u017cyciowe: 5 km \u2013 14:14, 10 km \u2013 29:30, p\u00f3\u0142maraton \u2013 1:05.<\/p>","protected":false},"excerpt":{"rendered":"<p>Trwaj\u0105 zapisy na 52. Maraton D\u0119bno 2026, kt\u00f3ry odb\u0119dzie si\u0119 18 pa\u017adziernika 2026 roku. Je\u015bli chcesz pozna\u0107 histori\u0119 najstarszego biegu marato\u0144skiego w Polsce oraz prze\u017cy\u0107 niezapomnian\u0105 przygod\u0119 to zapisz si\u0119 ju\u017c teraz na kolejn\u0105 edycj\u0119 d\u0119bnowskiego maratonu. Zapisy prowadzone s\u0105 pod adresem: 52. Maraton D\u0119bno 2026 &#8211; Panel zapis\u00f3w Zapraszamy do lektury kolejnej cz\u0119\u015bci cyklu [&hellip;]<\/p>","protected":false},"author":3,"featured_media":5509,"comment_status":"closed","ping_status":"closed","sticky":false,"template":"","format":"standard","meta":{"footnotes":""},"categories":[1],"tags":[],"_links":{"self":[{"href":"https:\/\/www.maratondebno.pl\/de\/wp-json\/wp\/v2\/posts\/5508"}],"collection":[{"href":"https:\/\/www.maratondebno.pl\/de\/wp-json\/wp\/v2\/posts"}],"about":[{"href":"https:\/\/www.maratondebno.pl\/de\/wp-json\/wp\/v2\/types\/post"}],"author":[{"embeddable":true,"href":"https:\/\/www.maratondebno.pl\/de\/wp-json\/wp\/v2\/users\/3"}],"replies":[{"embeddable":true,"href":"https:\/\/www.maratondebno.pl\/de\/wp-json\/wp\/v2\/comments?post=5508"}],"version-history":[{"count":1,"href":"https:\/\/www.maratondebno.pl\/de\/wp-json\/wp\/v2\/posts\/5508\/revisions"}],"predecessor-version":[{"id":5512,"href":"https:\/\/www.maratondebno.pl\/de\/wp-json\/wp\/v2\/posts\/5508\/revisions\/5512"}],"wp:featuredmedia":[{"embeddable":true,"href":"https:\/\/www.maratondebno.pl\/de\/wp-json\/wp\/v2\/media\/5509"}],"wp:attachment":[{"href":"https:\/\/www.maratondebno.pl\/de\/wp-json\/wp\/v2\/media?parent=5508"}],"wp:term":[{"taxonomy":"category","embeddable":true,"href":"https:\/\/www.maratondebno.pl\/de\/wp-json\/wp\/v2\/categories?post=5508"},{"taxonomy":"post_tag","embeddable":true,"href":"https:\/\/www.maratondebno.pl\/de\/wp-json\/wp\/v2\/tags?post=5508"}],"curies":[{"name":"wp","href":"https:\/\/api.w.org\/{rel}","templated":true}]}}