{"id":5323,"date":"2024-12-06T13:35:59","date_gmt":"2024-12-06T12:35:59","guid":{"rendered":"https:\/\/www.maratondebno.pl\/?p=5323"},"modified":"2024-12-06T13:36:04","modified_gmt":"2024-12-06T12:36:04","slug":"zlote-skrzydla-polskich-biegow-dla-maratonu-debno","status":"publish","type":"post","link":"https:\/\/www.maratondebno.pl\/de\/zlote-skrzydla-polskich-biegow-dla-maratonu-debno\/","title":{"rendered":"Goldene Fl\u00fcgel polnischer L\u00e4ufe f\u00fcr den D\u0119bno-Marathon"},"content":{"rendered":"<p><strong>Vom 20. bis 22. November fand in Jaros\u0142awiec eine vom polnischen Laufverband organisierte Konferenz statt. Im Rahmen der Veranstaltung wurden die Auszeichnungen \u201eGoldene Fl\u00fcgel des polnischen Laufsports\u201c verliehen. Den Preis f\u00fcr die Organisation des 50. D\u0119bno-Marathons nahm Stanis\u0142aw Lenkiewicz \u2013 Direktor des D\u0119bno-Marathons \u2013 entgegen.&nbsp;<\/strong><\/p>\n\n\n\n<p>An der Konferenz nahmen Organisatoren von Laufveranstaltungen in Polen und Vertreter von Unternehmen teil, die mit dem Laufen zu tun haben. Im Rahmen des Treffens fanden zahlreiche Vortr\u00e4ge, Vortr\u00e4ge und Diskussionsrunden statt. Dar\u00fcber hinaus wurden Personen, Institutionen und Organisationsteams f\u00fcr ihren Beitrag zur Entwicklung des Laufmarktes in Polen geehrt. Neben dem D\u0119bno-Marathon erhielten auch der slowakische Halbmarathon HUNTERS Grodziski und der Internationale Strandlauf \u2013 Jaros\u0142awiec Auszeichnungen.<strong>. <\/strong>Alle drei Veranstaltungen bilden ein gemeinsames Projekt \u201eRunning Eagles\u201c, dessen Botschafter die herausragendsten polnischen Marathonl\u00e4ufer sind: Wanda Panfil und Jan Huruk.<\/p>\n\n\n\n<p>Der D\u0119bno-Marathon ist derzeit mit einer L\u00e4nge von 42,195 km das \u00e4lteste Rennen in Polen. D\u0119bno, die Hauptstadt des polnischen Marathons, leistet einen gro\u00dfen Beitrag zur Entwicklung des polnischen Laufsports, sowohl im Massensport als auch als Wettkampfsport. In D\u0119bno qualifizierten sich mehrmals Sportler f\u00fcr die Olympischen Spiele. Letztes Jahr fand die 50. Ausgabe des Marathons statt.&nbsp;<\/p>\n\n\n\n<figure class=\"wp-block-image size-full\"><img fetchpriority=\"high\" decoding=\"async\" width=\"1000\" height=\"667\" src=\"https:\/\/www.maratondebno.pl\/wp-content\/uploads\/2024\/12\/IMG_2765.jpg\" alt=\"\" class=\"wp-image-5324\" srcset=\"https:\/\/www.maratondebno.pl\/wp-content\/uploads\/2024\/12\/IMG_2765.jpg 1000w, https:\/\/www.maratondebno.pl\/wp-content\/uploads\/2024\/12\/IMG_2765-300x200.jpg 300w, https:\/\/www.maratondebno.pl\/wp-content\/uploads\/2024\/12\/IMG_2765-768x512.jpg 768w, https:\/\/www.maratondebno.pl\/wp-content\/uploads\/2024\/12\/IMG_2765-18x12.jpg 18w\" sizes=\"(max-width: 1000px) 100vw, 1000px\" \/><\/figure>\n\n\n<figure class=\"wp-block-post-featured-image\"><img decoding=\"async\" width=\"1786\" height=\"2560\" src=\"https:\/\/www.maratondebno.pl\/wp-content\/uploads\/2024\/12\/skrzydla-scaled.jpg\" class=\"attachment-post-thumbnail size-post-thumbnail wp-post-image\" alt=\"\" style=\"object-fit:cover;\" srcset=\"https:\/\/www.maratondebno.pl\/wp-content\/uploads\/2024\/12\/skrzydla-scaled.jpg 1786w, https:\/\/www.maratondebno.pl\/wp-content\/uploads\/2024\/12\/skrzydla-209x300.jpg 209w, https:\/\/www.maratondebno.pl\/wp-content\/uploads\/2024\/12\/skrzydla-715x1024.jpg 715w, https:\/\/www.maratondebno.pl\/wp-content\/uploads\/2024\/12\/skrzydla-768x1101.jpg 768w, https:\/\/www.maratondebno.pl\/wp-content\/uploads\/2024\/12\/skrzydla-1072x1536.jpg 1072w, https:\/\/www.maratondebno.pl\/wp-content\/uploads\/2024\/12\/skrzydla-1429x2048.jpg 1429w, https:\/\/www.maratondebno.pl\/wp-content\/uploads\/2024\/12\/skrzydla-8x12.jpg 8w\" sizes=\"(max-width: 1786px) 100vw, 1786px\" \/><\/figure>\n\n<figure class=\"wp-block-post-featured-image\"><img decoding=\"async\" width=\"1786\" height=\"2560\" src=\"https:\/\/www.maratondebno.pl\/wp-content\/uploads\/2024\/12\/skrzydla-scaled.jpg\" class=\"attachment-post-thumbnail size-post-thumbnail wp-post-image\" alt=\"\" style=\"object-fit:cover;\" srcset=\"https:\/\/www.maratondebno.pl\/wp-content\/uploads\/2024\/12\/skrzydla-scaled.jpg 1786w, https:\/\/www.maratondebno.pl\/wp-content\/uploads\/2024\/12\/skrzydla-209x300.jpg 209w, https:\/\/www.maratondebno.pl\/wp-content\/uploads\/2024\/12\/skrzydla-715x1024.jpg 715w, https:\/\/www.maratondebno.pl\/wp-content\/uploads\/2024\/12\/skrzydla-768x1101.jpg 768w, https:\/\/www.maratondebno.pl\/wp-content\/uploads\/2024\/12\/skrzydla-1072x1536.jpg 1072w, https:\/\/www.maratondebno.pl\/wp-content\/uploads\/2024\/12\/skrzydla-1429x2048.jpg 1429w, https:\/\/www.maratondebno.pl\/wp-content\/uploads\/2024\/12\/skrzydla-8x12.jpg 8w\" sizes=\"(max-width: 1786px) 100vw, 1786px\" \/><\/figure>","protected":false},"excerpt":{"rendered":"<p>W dniach 20-22 listopada w Jaros\u0142awcu odby\u0142a si\u0119 konferencja organizowana przez Polskie Stowarzyszenie Bieg\u00f3w.&nbsp; Podczas wydarzenia wr\u0119czono wyr\u00f3\u017cnienia \u201eZ\u0142ote Skrzyd\u0142a Polskich Bieg\u00f3w\u201d.&nbsp; Nagrod\u0119 za organizacj\u0119 50. Maratonu D\u0119bno odebra\u0142 Stanis\u0142aw Lenkiewicz &#8211; dyrektor Maratonu D\u0119bno.&nbsp; W konferencji uczestniczyli organizatorzy imprez biegowych w Polsce oraz przedstawiciele firm zwi\u0105zanych z bieganiem. Podczas spotkania odby\u0142y si\u0119 liczne wyk\u0142ady, [&hellip;]<\/p>","protected":false},"author":3,"featured_media":5326,"comment_status":"closed","ping_status":"closed","sticky":false,"template":"","format":"standard","meta":{"footnotes":""},"categories":[1],"tags":[],"_links":{"self":[{"href":"https:\/\/www.maratondebno.pl\/de\/wp-json\/wp\/v2\/posts\/5323"}],"collection":[{"href":"https:\/\/www.maratondebno.pl\/de\/wp-json\/wp\/v2\/posts"}],"about":[{"href":"https:\/\/www.maratondebno.pl\/de\/wp-json\/wp\/v2\/types\/post"}],"author":[{"embeddable":true,"href":"https:\/\/www.maratondebno.pl\/de\/wp-json\/wp\/v2\/users\/3"}],"replies":[{"embeddable":true,"href":"https:\/\/www.maratondebno.pl\/de\/wp-json\/wp\/v2\/comments?post=5323"}],"version-history":[{"count":2,"href":"https:\/\/www.maratondebno.pl\/de\/wp-json\/wp\/v2\/posts\/5323\/revisions"}],"predecessor-version":[{"id":5328,"href":"https:\/\/www.maratondebno.pl\/de\/wp-json\/wp\/v2\/posts\/5323\/revisions\/5328"}],"wp:featuredmedia":[{"embeddable":true,"href":"https:\/\/www.maratondebno.pl\/de\/wp-json\/wp\/v2\/media\/5326"}],"wp:attachment":[{"href":"https:\/\/www.maratondebno.pl\/de\/wp-json\/wp\/v2\/media?parent=5323"}],"wp:term":[{"taxonomy":"category","embeddable":true,"href":"https:\/\/www.maratondebno.pl\/de\/wp-json\/wp\/v2\/categories?post=5323"},{"taxonomy":"post_tag","embeddable":true,"href":"https:\/\/www.maratondebno.pl\/de\/wp-json\/wp\/v2\/tags?post=5323"}],"curies":[{"name":"wp","href":"https:\/\/api.w.org\/{rel}","templated":true}]}}