{"id":5308,"date":"2024-09-09T16:14:28","date_gmt":"2024-09-09T14:14:28","guid":{"rendered":"https:\/\/www.maratondebno.pl\/?p=5308"},"modified":"2024-09-09T16:16:35","modified_gmt":"2024-09-09T14:16:35","slug":"wyroznienie-dla-maratonu-debno-z-okazji-setnej-rocznicy-pierwszego-polskiego-maratonu","status":"publish","type":"post","link":"https:\/\/www.maratondebno.pl\/de\/wyroznienie-dla-maratonu-debno-z-okazji-setnej-rocznicy-pierwszego-polskiego-maratonu\/","title":{"rendered":"Auszeichnung f\u00fcr den D\u0119bno-Marathon anl\u00e4sslich des hundertsten Jahrestages des ersten polnischen Marathons."},"content":{"rendered":"<p>Am 7. September 2024 fand im Warschauer Stadtteil Rembert\u00f3w ein Picknick zur Feier des hundertsten Jahrestages des ersten polnischen Marathons statt. Unter den geladenen G\u00e4sten waren Sportler von gro\u00dfer Bedeutung f\u00fcr diese Disziplin: Wanda Panfil, Aleksandra Lisowska, Ma\u0142gorzata Soba\u0144ska, Henryk Szost, Ryszard Marczak, Grzegorz Gajdus und Jan Huruk. Der Ort der Feierlichkeiten zum 100. Jahrestag des polnischen Marathons war kein Zufall. Am 2. November 1924 fand auf der Strecke Rembert\u00f3w-Niepor\u0119t-Rembert\u00f3w der erste Marathon im unabh\u00e4ngigen Polen statt. Acht Teilnehmer waren am Start, aber nur drei erreichten das Ziel. Der historische Sieger war Stefan Szelestowski mit dem Ergebnis von 3:13:10,5. Er wurde auch der erste polnische Meister in dieser Disziplin.<\/p>\n\n\n\n<p>Anl\u00e4sslich der diesj\u00e4hrigen Feierlichkeiten zum hundertsten Jahrestag dieses einzigartigen Ereignisses wurde einer der Kreisverkehre in Rembert\u00f3w Rondo Polskich Marathowcy genannt. Auf dem Marathon Walk of Fame, der sich auf einer der Stra\u00dfen zum Kreisverkehr befindet, wurden Eichen gepflanzt, benannt nach: Wanda Panfil, Aleksandra Lisowska, Ma\u0142gorzata Soba\u0144ska, Henryk Szosta, Jan Huruk, Grzegorz Gajdus, Stefan Szelestowski, Tomasz Hopfer, Zbigniew Zaremba und D\u0119bno Marathon. Die Eichenallee wurde angelegt, um Menschen zu ehren und an Ereignisse zu erinnern, die den gr\u00f6\u00dften Einfluss auf die Entwicklung des Langstreckenlaufs im Land hatten.<\/p>\n\n\n\n<p>Wir sind stolz darauf, dass wir nach Meinung der Marathon-Community eine so gro\u00dfe Auszeichnung verdient haben. Vielen Dank und wir laden Sie zum 51. D\u0119bno-Marathon 2025 ein.<\/p>\n\n\n\n<figure class=\"wp-block-image size-large\"><img fetchpriority=\"high\" decoding=\"async\" width=\"1024\" height=\"664\" src=\"https:\/\/www.maratondebno.pl\/wp-content\/uploads\/2024\/09\/IMG_2206-1024x664.jpg\" alt=\"\" class=\"wp-image-5311\" srcset=\"https:\/\/www.maratondebno.pl\/wp-content\/uploads\/2024\/09\/IMG_2206-1024x664.jpg 1024w, https:\/\/www.maratondebno.pl\/wp-content\/uploads\/2024\/09\/IMG_2206-300x195.jpg 300w, https:\/\/www.maratondebno.pl\/wp-content\/uploads\/2024\/09\/IMG_2206-768x498.jpg 768w, https:\/\/www.maratondebno.pl\/wp-content\/uploads\/2024\/09\/IMG_2206-1536x996.jpg 1536w, https:\/\/www.maratondebno.pl\/wp-content\/uploads\/2024\/09\/IMG_2206-2048x1328.jpg 2048w, https:\/\/www.maratondebno.pl\/wp-content\/uploads\/2024\/09\/IMG_2206-18x12.jpg 18w\" sizes=\"(max-width: 1024px) 100vw, 1024px\" \/><\/figure>\n\n\n\n<figure class=\"wp-block-image size-large\"><img decoding=\"async\" width=\"1024\" height=\"768\" src=\"https:\/\/www.maratondebno.pl\/wp-content\/uploads\/2024\/09\/fbda58de-2faf-4e94-a55b-41144af6c92c-1024x768.jpg\" alt=\"\" class=\"wp-image-5312\" srcset=\"https:\/\/www.maratondebno.pl\/wp-content\/uploads\/2024\/09\/fbda58de-2faf-4e94-a55b-41144af6c92c-1024x768.jpg 1024w, https:\/\/www.maratondebno.pl\/wp-content\/uploads\/2024\/09\/fbda58de-2faf-4e94-a55b-41144af6c92c-300x225.jpg 300w, https:\/\/www.maratondebno.pl\/wp-content\/uploads\/2024\/09\/fbda58de-2faf-4e94-a55b-41144af6c92c-768x576.jpg 768w, https:\/\/www.maratondebno.pl\/wp-content\/uploads\/2024\/09\/fbda58de-2faf-4e94-a55b-41144af6c92c-1536x1152.jpg 1536w, https:\/\/www.maratondebno.pl\/wp-content\/uploads\/2024\/09\/fbda58de-2faf-4e94-a55b-41144af6c92c-16x12.jpg 16w, https:\/\/www.maratondebno.pl\/wp-content\/uploads\/2024\/09\/fbda58de-2faf-4e94-a55b-41144af6c92c.jpg 1600w\" sizes=\"(max-width: 1024px) 100vw, 1024px\" \/><\/figure>\n\n\n\n<figure class=\"wp-block-image size-large\"><img decoding=\"async\" width=\"757\" height=\"1024\" src=\"https:\/\/www.maratondebno.pl\/wp-content\/uploads\/2024\/09\/IMG_2241-757x1024.jpg\" alt=\"\" class=\"wp-image-5313\" srcset=\"https:\/\/www.maratondebno.pl\/wp-content\/uploads\/2024\/09\/IMG_2241-757x1024.jpg 757w, https:\/\/www.maratondebno.pl\/wp-content\/uploads\/2024\/09\/IMG_2241-222x300.jpg 222w, https:\/\/www.maratondebno.pl\/wp-content\/uploads\/2024\/09\/IMG_2241-768x1039.jpg 768w, https:\/\/www.maratondebno.pl\/wp-content\/uploads\/2024\/09\/IMG_2241-1135x1536.jpg 1135w, https:\/\/www.maratondebno.pl\/wp-content\/uploads\/2024\/09\/IMG_2241-1514x2048.jpg 1514w, https:\/\/www.maratondebno.pl\/wp-content\/uploads\/2024\/09\/IMG_2241-9x12.jpg 9w, https:\/\/www.maratondebno.pl\/wp-content\/uploads\/2024\/09\/IMG_2241-scaled.jpg 1892w\" sizes=\"(max-width: 757px) 100vw, 757px\" \/><\/figure>\n\n\n\n<figure class=\"wp-block-image size-large\"><img loading=\"lazy\" decoding=\"async\" width=\"1024\" height=\"780\" src=\"https:\/\/www.maratondebno.pl\/wp-content\/uploads\/2024\/09\/IMG_2208-1024x780.jpg\" alt=\"\" class=\"wp-image-5314\" srcset=\"https:\/\/www.maratondebno.pl\/wp-content\/uploads\/2024\/09\/IMG_2208-1024x780.jpg 1024w, https:\/\/www.maratondebno.pl\/wp-content\/uploads\/2024\/09\/IMG_2208-300x228.jpg 300w, https:\/\/www.maratondebno.pl\/wp-content\/uploads\/2024\/09\/IMG_2208-768x585.jpg 768w, https:\/\/www.maratondebno.pl\/wp-content\/uploads\/2024\/09\/IMG_2208-1536x1169.jpg 1536w, https:\/\/www.maratondebno.pl\/wp-content\/uploads\/2024\/09\/IMG_2208-2048x1559.jpg 2048w, https:\/\/www.maratondebno.pl\/wp-content\/uploads\/2024\/09\/IMG_2208-16x12.jpg 16w\" sizes=\"(max-width: 1024px) 100vw, 1024px\" \/><\/figure>\n\n\n\n<figure class=\"wp-block-image size-large\"><img loading=\"lazy\" decoding=\"async\" width=\"768\" height=\"1024\" src=\"https:\/\/www.maratondebno.pl\/wp-content\/uploads\/2024\/09\/2876c060-406d-4f6e-9d50-6bb11de4b234-768x1024.jpg\" alt=\"\" class=\"wp-image-5315\" srcset=\"https:\/\/www.maratondebno.pl\/wp-content\/uploads\/2024\/09\/2876c060-406d-4f6e-9d50-6bb11de4b234-768x1024.jpg 768w, https:\/\/www.maratondebno.pl\/wp-content\/uploads\/2024\/09\/2876c060-406d-4f6e-9d50-6bb11de4b234-225x300.jpg 225w, https:\/\/www.maratondebno.pl\/wp-content\/uploads\/2024\/09\/2876c060-406d-4f6e-9d50-6bb11de4b234-1152x1536.jpg 1152w, https:\/\/www.maratondebno.pl\/wp-content\/uploads\/2024\/09\/2876c060-406d-4f6e-9d50-6bb11de4b234-9x12.jpg 9w, https:\/\/www.maratondebno.pl\/wp-content\/uploads\/2024\/09\/2876c060-406d-4f6e-9d50-6bb11de4b234.jpg 1200w\" sizes=\"(max-width: 768px) 100vw, 768px\" \/><\/figure>\n\n\n<figure class=\"wp-block-post-featured-image\"><img loading=\"lazy\" decoding=\"async\" width=\"1123\" height=\"594\" src=\"https:\/\/www.maratondebno.pl\/wp-content\/uploads\/2024\/09\/IMG_2237.jpg\" class=\"attachment-post-thumbnail size-post-thumbnail wp-post-image\" alt=\"\" style=\"object-fit:cover;\" srcset=\"https:\/\/www.maratondebno.pl\/wp-content\/uploads\/2024\/09\/IMG_2237.jpg 1123w, https:\/\/www.maratondebno.pl\/wp-content\/uploads\/2024\/09\/IMG_2237-300x159.jpg 300w, https:\/\/www.maratondebno.pl\/wp-content\/uploads\/2024\/09\/IMG_2237-1024x542.jpg 1024w, https:\/\/www.maratondebno.pl\/wp-content\/uploads\/2024\/09\/IMG_2237-768x406.jpg 768w, https:\/\/www.maratondebno.pl\/wp-content\/uploads\/2024\/09\/IMG_2237-18x10.jpg 18w\" sizes=\"(max-width: 1123px) 100vw, 1123px\" \/><\/figure>","protected":false},"excerpt":{"rendered":"<p>Am 7. September 2024 fand im Warschauer Stadtteil Rembert\u00f3w ein Picknick zur Feier des hundertsten Jahrestages des ersten polnischen Marathons statt. Unter den geladenen G\u00e4sten waren Sportler von gro\u00dfer Bedeutung f\u00fcr diese Disziplin: Wanda Panfil, Aleksandra Lisowska, Ma\u0142gorzata Soba\u0144ska, Henryk Szost, Ryszard Marczak, Grzegorz Gajdus und Jan Huruk. Der Ort der Feierlichkeiten zum 100. Jahrestag des polnischen Marathons war kein Zufall. Am 2. November 1924, am [\u2026]<\/p>","protected":false},"author":3,"featured_media":5309,"comment_status":"closed","ping_status":"closed","sticky":false,"template":"","format":"standard","meta":{"footnotes":""},"categories":[1],"tags":[],"_links":{"self":[{"href":"https:\/\/www.maratondebno.pl\/de\/wp-json\/wp\/v2\/posts\/5308"}],"collection":[{"href":"https:\/\/www.maratondebno.pl\/de\/wp-json\/wp\/v2\/posts"}],"about":[{"href":"https:\/\/www.maratondebno.pl\/de\/wp-json\/wp\/v2\/types\/post"}],"author":[{"embeddable":true,"href":"https:\/\/www.maratondebno.pl\/de\/wp-json\/wp\/v2\/users\/3"}],"replies":[{"embeddable":true,"href":"https:\/\/www.maratondebno.pl\/de\/wp-json\/wp\/v2\/comments?post=5308"}],"version-history":[{"count":2,"href":"https:\/\/www.maratondebno.pl\/de\/wp-json\/wp\/v2\/posts\/5308\/revisions"}],"predecessor-version":[{"id":5318,"href":"https:\/\/www.maratondebno.pl\/de\/wp-json\/wp\/v2\/posts\/5308\/revisions\/5318"}],"wp:featuredmedia":[{"embeddable":true,"href":"https:\/\/www.maratondebno.pl\/de\/wp-json\/wp\/v2\/media\/5309"}],"wp:attachment":[{"href":"https:\/\/www.maratondebno.pl\/de\/wp-json\/wp\/v2\/media?parent=5308"}],"wp:term":[{"taxonomy":"category","embeddable":true,"href":"https:\/\/www.maratondebno.pl\/de\/wp-json\/wp\/v2\/categories?post=5308"},{"taxonomy":"post_tag","embeddable":true,"href":"https:\/\/www.maratondebno.pl\/de\/wp-json\/wp\/v2\/tags?post=5308"}],"curies":[{"name":"wp","href":"https:\/\/api.w.org\/{rel}","templated":true}]}}