{"id":5258,"date":"2024-05-20T10:18:29","date_gmt":"2024-05-20T08:18:29","guid":{"rendered":"https:\/\/www.maratondebno.pl\/?p=5258"},"modified":"2024-05-20T10:18:31","modified_gmt":"2024-05-20T08:18:31","slug":"dziekujemy-firmie-am-panel","status":"publish","type":"post","link":"https:\/\/www.maratondebno.pl\/de\/dziekujemy-firmie-am-panel\/","title":{"rendered":"Vielen Dank, AM Panel"},"content":{"rendered":"<p>Die Organisatoren des 50. AMPANEL D\u0119bno-Marathons m\u00f6chten AM PANEL Systemy Ogrodowe ihren aufrichtigen Dank f\u00fcr seine Teilnahme und Zusammenarbeit bei der Organisation der Jubil\u00e4umsausgabe des D\u0119bno-Marathons aussprechen. Die Veranstaltung ging in die Geschichte ein und ging mit Goldmedaillen in die Geschichte der polnischen Marathonl\u00e4ufe ein. Viele Teilnehmer stellten neue pers\u00f6nliche Rekorde auf und einer der Teilnehmer nahm den Hauptpreis mit nach Hause \u2013 einen Fiat 500.<br>Nochmals vielen Dank und wir laden Sie ein, bei der Organisation der n\u00e4chsten Ausgaben unseres Rennens mitzuarbeiten.<\/p>\n\n\n\n<p><a href=\"https:\/\/www.facebook.com\/100051592521709\/videos\/924638762731977\/\" target=\"_blank\" rel=\"noopener\">https:\/\/www.facebook.com\/100051592521709\/videos\/924638762731977\/<\/a><\/p>\n\n\n<figure class=\"wp-block-post-featured-image\"><img fetchpriority=\"high\" decoding=\"async\" width=\"1700\" height=\"1133\" src=\"https:\/\/www.maratondebno.pl\/wp-content\/uploads\/2024\/05\/DSC_2821hh.jpg\" class=\"attachment-post-thumbnail size-post-thumbnail wp-post-image\" alt=\"\" style=\"object-fit:cover;\" srcset=\"https:\/\/www.maratondebno.pl\/wp-content\/uploads\/2024\/05\/DSC_2821hh.jpg 1700w, https:\/\/www.maratondebno.pl\/wp-content\/uploads\/2024\/05\/DSC_2821hh-300x200.jpg 300w, https:\/\/www.maratondebno.pl\/wp-content\/uploads\/2024\/05\/DSC_2821hh-1024x682.jpg 1024w, https:\/\/www.maratondebno.pl\/wp-content\/uploads\/2024\/05\/DSC_2821hh-768x512.jpg 768w, https:\/\/www.maratondebno.pl\/wp-content\/uploads\/2024\/05\/DSC_2821hh-1536x1024.jpg 1536w, https:\/\/www.maratondebno.pl\/wp-content\/uploads\/2024\/05\/DSC_2821hh-18x12.jpg 18w\" sizes=\"(max-width: 1700px) 100vw, 1700px\" \/><\/figure>","protected":false},"excerpt":{"rendered":"<p>Die Organisatoren des 50. AMPANEL D\u0119bno-Marathons m\u00f6chten AM PANEL Systemy Ogrodowe ihren aufrichtigen Dank f\u00fcr seine Teilnahme und Zusammenarbeit bei der Organisation der Jubil\u00e4umsausgabe des D\u0119bno-Marathons aussprechen. Die Veranstaltung ging in die Geschichte ein und ging mit Goldmedaillen in die Geschichte der polnischen Marathonl\u00e4ufe ein. Viele Teilnehmer stellten neue pers\u00f6nliche Rekorde auf und einer der Teilnehmer nahm den Hauptpreis mit nach Hause - einen Fiat 500. Nochmals vielen Dank und [...]<\/p>","protected":false},"author":3,"featured_media":5259,"comment_status":"closed","ping_status":"closed","sticky":false,"template":"","format":"standard","meta":{"footnotes":""},"categories":[1],"tags":[],"_links":{"self":[{"href":"https:\/\/www.maratondebno.pl\/de\/wp-json\/wp\/v2\/posts\/5258"}],"collection":[{"href":"https:\/\/www.maratondebno.pl\/de\/wp-json\/wp\/v2\/posts"}],"about":[{"href":"https:\/\/www.maratondebno.pl\/de\/wp-json\/wp\/v2\/types\/post"}],"author":[{"embeddable":true,"href":"https:\/\/www.maratondebno.pl\/de\/wp-json\/wp\/v2\/users\/3"}],"replies":[{"embeddable":true,"href":"https:\/\/www.maratondebno.pl\/de\/wp-json\/wp\/v2\/comments?post=5258"}],"version-history":[{"count":1,"href":"https:\/\/www.maratondebno.pl\/de\/wp-json\/wp\/v2\/posts\/5258\/revisions"}],"predecessor-version":[{"id":5260,"href":"https:\/\/www.maratondebno.pl\/de\/wp-json\/wp\/v2\/posts\/5258\/revisions\/5260"}],"wp:featuredmedia":[{"embeddable":true,"href":"https:\/\/www.maratondebno.pl\/de\/wp-json\/wp\/v2\/media\/5259"}],"wp:attachment":[{"href":"https:\/\/www.maratondebno.pl\/de\/wp-json\/wp\/v2\/media?parent=5258"}],"wp:term":[{"taxonomy":"category","embeddable":true,"href":"https:\/\/www.maratondebno.pl\/de\/wp-json\/wp\/v2\/categories?post=5258"},{"taxonomy":"post_tag","embeddable":true,"href":"https:\/\/www.maratondebno.pl\/de\/wp-json\/wp\/v2\/tags?post=5258"}],"curies":[{"name":"wp","href":"https:\/\/api.w.org\/{rel}","templated":true}]}}