{"id":5052,"date":"2024-01-31T12:44:30","date_gmt":"2024-01-31T11:44:30","guid":{"rendered":"https:\/\/www.maratondebno.pl\/?p=5052"},"modified":"2024-01-31T13:12:34","modified_gmt":"2024-01-31T12:12:34","slug":"anna-beldowska-krol-50-rozmow-na-50-ampanel-maraton-debno","status":"publish","type":"post","link":"https:\/\/www.maratondebno.pl\/de\/anna-beldowska-krol-50-rozmow-na-50-ampanel-maraton-debno\/","title":{"rendered":"F\u00fcnfzig Gespr\u00e4che beim 50. AMPANEL-MARATHON D\u0118BNO \u2013 Anna Be\u0142towska \u2013 Kr\u00f3l"},"content":{"rendered":"<div data-elementor-type=\"wp-post\" data-elementor-id=\"5052\" class=\"elementor elementor-5052\">\n\t\t\t\t\t\t\t<div class=\"elementor-element elementor-element-5d4cc201 e-flex e-con-boxed e-con e-parent\" data-id=\"5d4cc201\" data-element_type=\"container\" data-settings=\"{&quot;content_width&quot;:&quot;boxed&quot;}\" data-core-v316-plus=\"true\">\n\t\t\t\t\t<div class=\"e-con-inner\">\n\t\t\t\t<div class=\"elementor-element elementor-element-51fe9a59 elementor-widget elementor-widget-text-editor\" data-id=\"51fe9a59\" data-element_type=\"widget\" data-widget_type=\"text-editor.default\">\n\t\t\t\t<div class=\"elementor-widget-container\">\n\t\t\t\t\t\t\t<p><!-- wp:paragraph --><\/p>\n<p>F\u00fcnfzig Gespr\u00e4che zum 50. AMPANEL Maraton D\u0119bno \u2013 Anna Be\u0142towska-Kr\u00f3l<\/p>\n<p><!-- \/wp:paragraph --><!-- wp:paragraph --><\/p>\n<p>Wir laden Sie ein, am 50. AMPANEL Marathon D\u0119bno 2024 teilzunehmen, der am 12. Mai stattfinden wird<\/p>\n<p><!-- \/wp:paragraph --><!-- wp:paragraph --><\/p>\n<p>2024. Im Paket ist ein Renn-T-Shirt eines bekannten Sportunternehmens enthalten. Au\u00dferdem nimmt jeder, der das Rennen beendet, an der Verlosung eines Fiat 500 teil!!!<br \/>Der 50. AMPANEL D\u0119bno Marathon wird zugleich der letzte Start in der Karriere von Henryk Szosta sein. Deshalb lohnt es sich, mit dem polnischen Rekordhalter im Marathon auf die Rennstrecke zu gehen.<\/p>\n<p><!-- \/wp:paragraph --><!-- wp:paragraph --><\/p>\n<p>Seit mehreren Wochen pr\u00e4sentieren wir die Marathon-Erinnerungen von Sportlerinnen<br \/>und Teilnehmer, die am D\u0119bno-Marathon teilnehmen. Heute stellen wir Ihnen Anna Be\u0142towska-Kr\u00f3l vor \u2013 die erste Rekordhalterin und polnische Meisterin im Marathon, Siegerin und mehrfache Teilnehmerin des D\u0119bno-Marathons.<\/p>\n<p><!-- \/wp:paragraph --><!-- wp:image {\"id\":5053,\"sizeSlug\":\"full\",\"linkDestination\":\"none\"} --><\/p>\n<figure class=\"wp-block-image size-full\"><img fetchpriority=\"high\" decoding=\"async\" width=\"649\" height=\"997\" class=\"wp-image-5053\" src=\"https:\/\/www.maratondebno.pl\/wp-content\/uploads\/2024\/01\/Beltowska-Krol-Anna.jpg\" alt=\"\" srcset=\"https:\/\/www.maratondebno.pl\/wp-content\/uploads\/2024\/01\/Beltowska-Krol-Anna.jpg 649w, https:\/\/www.maratondebno.pl\/wp-content\/uploads\/2024\/01\/Beltowska-Krol-Anna-195x300.jpg 195w\" sizes=\"(max-width: 649px) 100vw, 649px\" \/><\/figure>\n<p><!-- \/wp:image --><!-- wp:paragraph --><\/p>\n<p>ANNA BE\u0141TOWSKA\u2013K\u00d6NIG<\/p>\n<p><!-- \/wp:paragraph --><!-- wp:paragraph --><\/p>\n<p>Und alles begann in D\u0119bno...<\/p>\n<p><!-- \/wp:paragraph --><!-- wp:paragraph --><\/p>\n<p>Zwar begann mein Abenteuer mit dem Marathon mit der Teilnahme am 2. Friedensmarathon in Warschau im Jahr 1980, bei dem ich den 111. Platz belegte (erster bei den Frauen), aber es geschah nach dem Prinzip der \u201eErkundung\u201c \u2013 dem Kennenlernen Distanz (am Vortag startete ich mit einer Distanz von 800 m und einer 4\u00d7400-m-Staffel in Ligawettbewerben). Mittelstrecken waren die, die ich bisher gemacht hatte.<\/p>\n<p><!-- \/wp:paragraph --><!-- wp:paragraph --><\/p>\n<p>1979 begann ich bei KS Hutnik Krak\u00f3w zu arbeiten und bald darauf \u00fcberredete mich Trainer Andrzej Biernat, meine Wettkampfkarriere fortzusetzen und meine Distanzen schrittweise zu erweitern.<\/p>\n<p><!-- \/wp:paragraph --><!-- wp:paragraph --><\/p>\n<p>Am 25. April 1982 startete ich den Marathon in D\u0119bno. \u201eDie Stra\u00dfen von D\u0119bno sahen aus wie immer \u2013 Tausende l\u00e4chelnde Gesichter auf der Strecke, freundlich zu den Athleten, Gedr\u00e4nge am Start, dichte Schlangen entlang der Stra\u00dfen, besetzte Sitzpl\u00e4tze in den H\u00e4usern auf den Balkonen. D\u0119bno ist wie unser polnischer Marathon geworden, bei dem jede Schlacht siegreich ist und jeder Held gelobt wird\u201c (dies ist ein Zitat aus einer Zeitung, ich habe es in meinem Trainingstagebuch gefunden).<\/p>\n<p><!-- \/wp:paragraph --><!-- wp:paragraph --><\/p>\n<p>Das Wetter an diesem Tag war nicht sehr g\u00fcnstig \u2013 es gab heftigen Fr\u00fchlingsregen, aber ich habe mein Ergebnis aus Warschau trotzdem um 13 Minuten verbessert. Die Atmosph\u00e4re in D\u0119bno, die hervorragende Strecke und die gr\u00f6\u00dften Fans \u2013 all das erm\u00f6glichte es mir, fast jedes Jahr Rekorde zu brechen. Die Fans haben uns in schwierigen Zeiten unterst\u00fctzt. Dies bleibt f\u00fcr immer in Ihrer Erinnerung. Obwohl ich an vielen Marathons auf der ganzen Welt teilgenommen habe, werde ich mich immer an die heimelige, intime Atmosph\u00e4re von Our D\u0119bno (Marathonl\u00e4ufer) erinnern.<\/p>\n<p><!-- \/wp:paragraph --><!-- wp:paragraph --><\/p>\n<p>Ich beendete das Rennen mit einem Marathon in Br\u00fcssel (3. Platz).<\/p>\n<p><!-- \/wp:paragraph --><!-- wp:paragraph --><\/p>\n<p>Man muss sich auf einen Marathon vorbereiten \u2013 sagte meine Tochter w\u00e4hrend einer Geschichtsstunde, als die Lehrerin \u00fcber Filipides sprach, der von Marathon nach Athen lief, um den Sieg der Griechen \u00fcber die Perser zu verk\u00fcnden, und tot umfiel \u2013 meine \u201ealte Tochter\u201c rannte ein Dutzend Marathons absolviert und ist noch am Leben.<\/p>\n<p><!-- \/wp:paragraph --><!-- wp:paragraph --><\/p>\n<p>Herzliche Gr\u00fc\u00dfe an alle Einwohner von D\u0119bno.<\/p>\n<p><!-- \/wp:paragraph --><!-- wp:paragraph --><\/p>\n<p>Anna Be\u0142towska-Kr\u00f3l \u2013 die erste polnische Meisterin im Marathon 1981 (Warschau).<br \/>Bei den Polnischen Meisterschaften in D\u0119bno gewann sie vier Medaillen (Gold \u2013 1982, Silber \u2013 1983).<br \/>und 1984, braun \u2013 1987). Sie belegte im 800-m-Lauf den 3. Platz bei der polnischen Meisterschaft<br \/>1973 gewann sie Bronzemedaillen im Crosslauf 1975\u20131976. Sie vertrat Polen beim Europacup 1985 in Rom. Sie gewann 1980 den Warschauer Marathon. Sie belegte beim Berlin-Marathon 1983 den 10. und 1984 den 6. Platz. 1988 gewann sie das Marathonrennen der Veteranen-Europameisterschaft. Ihren pers\u00f6nlichen Rekord erreichte sie 1984 beim Marathon (2:40:20) in D\u0119bno.<\/p>\n<p><!-- \/wp:paragraph --><!-- wp:image {\"id\":5054,\"sizeSlug\":\"full\",\"linkDestination\":\"none\"} --><\/p>\n<figure class=\"wp-block-image size-full\"><img decoding=\"async\" width=\"589\" height=\"817\" class=\"wp-image-5054\" src=\"https:\/\/www.maratondebno.pl\/wp-content\/uploads\/2024\/01\/Beltowska-Krol-Anna-1.jpg\" alt=\"\" srcset=\"https:\/\/www.maratondebno.pl\/wp-content\/uploads\/2024\/01\/Beltowska-Krol-Anna-1.jpg 589w, https:\/\/www.maratondebno.pl\/wp-content\/uploads\/2024\/01\/Beltowska-Krol-Anna-1-216x300.jpg 216w\" sizes=\"(max-width: 589px) 100vw, 589px\" \/><\/figure>\n<p><!-- \/wp:image --><!-- wp:paragraph --><\/p>\n<p>Wir m\u00f6chten Sie daran erinnern, dass mit dem D\u0119bno-Marathon die n\u00e4chste Ausgabe des Projekts \u201eRunning Eagles\u201c er\u00f6ffnet wird und das Zeitlimit f\u00fcr die Durchf\u00fchrung des Rennens auf 6 Stunden verl\u00e4ngert wurde. Die Rennstrecke ist flach, was das Erreichen von Rekordergebnissen beg\u00fcnstigt, und die von den Teilnehmern und Fans geschaffene Atmosph\u00e4re ist unvergesslich.<\/p>\n<p><!-- \/wp:paragraph --><!-- wp:paragraph --><\/p>\n<p>Der D\u0119bno-Marathon ist das \u00e4lteste Marathonrennen in Polen. Warten Sie nicht! Heute anmelden! Mehr Details: <a href=\"https:\/\/online.datasport.pl\/zapisy\/portal\/zawody.php?zawody=8198\" target=\"_blank\" rel=\"noopener\">50. D\u0119bno-Marathon (datasport.pl)<\/a><\/p>\n<p>Herausgeber: Przemys\u0142aw Cytrynowicz<\/p>\n<p><!-- \/wp:paragraph --><\/p>\t\t\t\t\t\t<\/div>\n\t\t\t\t<\/div>\n\t\t\t\t\t<\/div>\n\t\t\t\t<\/div>\n\t\t\t\t\t\t\t<\/div>","protected":false},"excerpt":{"rendered":"<p>F\u00fcnfzig Gespr\u00e4che beim 50. AMPANEL Marathon D\u0119bno - Anna Be\u0142towska-Kr\u00f3l Wir laden Sie ein, am 50. AMPANEL Marathon D\u0119bno 2024 teilzunehmen, der am 12. Mai 2024 stattfinden wird. Im Paket ist ein Renn-T-Shirt eines bekannten Sportunternehmens enthalten. Dar\u00fcber hinaus nimmt jeder, der das Rennen beendet, an der Verlosung des Fiat 500!!!50 teil. AMPANEL Der D\u0119bno-Marathon wird auch der letzte Start in der Karriere von Henryk Szosta sein. [\u2026]<\/p>","protected":false},"author":3,"featured_media":5053,"comment_status":"closed","ping_status":"closed","sticky":false,"template":"","format":"standard","meta":{"footnotes":""},"categories":[1],"tags":[],"_links":{"self":[{"href":"https:\/\/www.maratondebno.pl\/de\/wp-json\/wp\/v2\/posts\/5052"}],"collection":[{"href":"https:\/\/www.maratondebno.pl\/de\/wp-json\/wp\/v2\/posts"}],"about":[{"href":"https:\/\/www.maratondebno.pl\/de\/wp-json\/wp\/v2\/types\/post"}],"author":[{"embeddable":true,"href":"https:\/\/www.maratondebno.pl\/de\/wp-json\/wp\/v2\/users\/3"}],"replies":[{"embeddable":true,"href":"https:\/\/www.maratondebno.pl\/de\/wp-json\/wp\/v2\/comments?post=5052"}],"version-history":[{"count":11,"href":"https:\/\/www.maratondebno.pl\/de\/wp-json\/wp\/v2\/posts\/5052\/revisions"}],"predecessor-version":[{"id":5066,"href":"https:\/\/www.maratondebno.pl\/de\/wp-json\/wp\/v2\/posts\/5052\/revisions\/5066"}],"wp:featuredmedia":[{"embeddable":true,"href":"https:\/\/www.maratondebno.pl\/de\/wp-json\/wp\/v2\/media\/5053"}],"wp:attachment":[{"href":"https:\/\/www.maratondebno.pl\/de\/wp-json\/wp\/v2\/media?parent=5052"}],"wp:term":[{"taxonomy":"category","embeddable":true,"href":"https:\/\/www.maratondebno.pl\/de\/wp-json\/wp\/v2\/categories?post=5052"},{"taxonomy":"post_tag","embeddable":true,"href":"https:\/\/www.maratondebno.pl\/de\/wp-json\/wp\/v2\/tags?post=5052"}],"curies":[{"name":"wp","href":"https:\/\/api.w.org\/{rel}","templated":true}]}}