{"id":4866,"date":"2023-12-22T17:40:00","date_gmt":"2023-12-22T16:40:00","guid":{"rendered":"https:\/\/www.maratondebno.hmcloud.pl\/?p=4866"},"modified":"2024-01-09T17:41:18","modified_gmt":"2024-01-09T16:41:18","slug":"50-ampanel-maraton-debno-2024","status":"publish","type":"post","link":"https:\/\/www.maratondebno.pl\/de\/50-ampanel-maraton-debno-2024\/","title":{"rendered":"50. AMPANEL Marathon D\u0119bno 2024"},"content":{"rendered":"<p>Am 22. Dezember wurde am Hauptsitz von AMPANEL in D\u0119bno ein Kooperationsvertrag zwischen der Gemeinde D\u0119bno \u2013 Sport- und Erholungszentrum und der Firma AMPANEL aus D\u0119bno unterzeichnet. Die Vereinbarung wurde vom B\u00fcrgermeister von D\u0119bno, Grzegorz Kulbicki, dem Direktor von OSiR, Stanis\u0142aw Lenkiewicz, sowie den Eigent\u00fcmern der Firma AMPANEL, Herrn Arkadiusz und Marcin Cwojdzi\u0144ski, unterzeichnet. Die Vereinbarung wird auf verschiedenen Ebenen umgesetzt, die wichtigste wird jedoch die Zusammenarbeit bei der Organisation des D\u0119bno-Marathons sein, der so genannt wird\u00a0<em><strong>50. AMPANEL Marathon D\u0119bno 2024.<\/strong><\/em><br>Es ist erw\u00e4hnenswert, dass dies nicht die erste Initiative dieser Art ist. AMPANEL engagiert sich seit Jahren aktiv f\u00fcr die Stadt. Finanziell unterst\u00fctzt es unter anderem MKS D\u0105b D\u0119bno, UKS D\u0105bD\u0119bno, den D\u0119bno Maraton Association und viele andere. Die oft gespendeten Produkte sind in vielen Sportanlagen der Stadt zu sehen.<\/p>\n\n\n\n<figure class=\"wp-block-image size-large\"><img fetchpriority=\"high\" decoding=\"async\" width=\"1024\" height=\"682\" src=\"https:\/\/www.maratondebno.hmcloud.pl\/wp-content\/uploads\/2024\/01\/1703338604_c0dd5aae74a4f43d90e1a7bee0312ffd-1024x682.jpg\" alt=\"\" class=\"wp-image-4868\" srcset=\"https:\/\/www.maratondebno.pl\/wp-content\/uploads\/2024\/01\/1703338604_c0dd5aae74a4f43d90e1a7bee0312ffd-1024x682.jpg 1024w, https:\/\/www.maratondebno.pl\/wp-content\/uploads\/2024\/01\/1703338604_c0dd5aae74a4f43d90e1a7bee0312ffd-300x200.jpg 300w, https:\/\/www.maratondebno.pl\/wp-content\/uploads\/2024\/01\/1703338604_c0dd5aae74a4f43d90e1a7bee0312ffd-768x512.jpg 768w, https:\/\/www.maratondebno.pl\/wp-content\/uploads\/2024\/01\/1703338604_c0dd5aae74a4f43d90e1a7bee0312ffd.jpg 1444w\" sizes=\"(max-width: 1024px) 100vw, 1024px\" \/><\/figure>","protected":false},"excerpt":{"rendered":"<p>Am 22. Dezember wurde am Hauptsitz von AMPANEL in D\u0119bno ein Kooperationsvertrag zwischen der Gemeinde D\u0119bno \u2013 Sport- und Erholungszentrum und der Firma AMPANEL aus D\u0119bno unterzeichnet. Die Vereinbarung wurde vom B\u00fcrgermeister von D\u0119bno, Grzegorz Kulbicki, dem Direktor von OSiR, Stanis\u0142aw Lenkiewicz, sowie den Eigent\u00fcmern der Firma AMPANEL, Herrn Arkadiusz und Marcin Cwojdzi\u0144ski, unterzeichnet. Die Vereinbarung wird auf verschiedenen Ebenen umgesetzt, die wichtigste wird jedoch die Zusammenarbeit [...]<\/p>","protected":false},"author":2,"featured_media":4867,"comment_status":"closed","ping_status":"closed","sticky":false,"template":"","format":"standard","meta":{"footnotes":""},"categories":[1],"tags":[],"_links":{"self":[{"href":"https:\/\/www.maratondebno.pl\/de\/wp-json\/wp\/v2\/posts\/4866"}],"collection":[{"href":"https:\/\/www.maratondebno.pl\/de\/wp-json\/wp\/v2\/posts"}],"about":[{"href":"https:\/\/www.maratondebno.pl\/de\/wp-json\/wp\/v2\/types\/post"}],"author":[{"embeddable":true,"href":"https:\/\/www.maratondebno.pl\/de\/wp-json\/wp\/v2\/users\/2"}],"replies":[{"embeddable":true,"href":"https:\/\/www.maratondebno.pl\/de\/wp-json\/wp\/v2\/comments?post=4866"}],"version-history":[{"count":1,"href":"https:\/\/www.maratondebno.pl\/de\/wp-json\/wp\/v2\/posts\/4866\/revisions"}],"predecessor-version":[{"id":4869,"href":"https:\/\/www.maratondebno.pl\/de\/wp-json\/wp\/v2\/posts\/4866\/revisions\/4869"}],"wp:featuredmedia":[{"embeddable":true,"href":"https:\/\/www.maratondebno.pl\/de\/wp-json\/wp\/v2\/media\/4867"}],"wp:attachment":[{"href":"https:\/\/www.maratondebno.pl\/de\/wp-json\/wp\/v2\/media?parent=4866"}],"wp:term":[{"taxonomy":"category","embeddable":true,"href":"https:\/\/www.maratondebno.pl\/de\/wp-json\/wp\/v2\/categories?post=4866"},{"taxonomy":"post_tag","embeddable":true,"href":"https:\/\/www.maratondebno.pl\/de\/wp-json\/wp\/v2\/tags?post=4866"}],"curies":[{"name":"wp","href":"https:\/\/api.w.org\/{rel}","templated":true}]}}