{"id":4851,"date":"2023-10-17T17:36:00","date_gmt":"2023-10-17T15:36:00","guid":{"rendered":"https:\/\/www.maratondebno.hmcloud.pl\/?p=4851"},"modified":"2024-01-09T17:37:07","modified_gmt":"2024-01-09T16:37:07","slug":"zmiany-w-regulaminie-50-maratonu-debno-2024","status":"publish","type":"post","link":"https:\/\/www.maratondebno.pl\/de\/zmiany-w-regulaminie-50-maratonu-debno-2024\/","title":{"rendered":"\u00c4nderungen im Reglement des 50. D\u0119bno-Marathons 2024."},"content":{"rendered":"<p>\u00c4nderungen im Reglement des 50. D\u0119bno-Marathons 2024.<\/p>\n\n\n\n<p>Wir m\u00f6chten Sie dar\u00fcber informieren, dass wir entsprechend den Vorschl\u00e4gen und Erwartungen der Teilnehmer das Zeitlimit f\u00fcr die Absolvierung des Laufs auf 6 Stunden erh\u00f6hen. Wir hoffen, dass diese \u00c4nderung es noch mehr Teilnehmern erm\u00f6glicht, an unserem 50. D\u0119bno-Jubil\u00e4umsmarathon 2024 teilzunehmen, und dass alle Laufbegeisterten an unserem gro\u00dfartigen Sportfest teilnehmen k\u00f6nnen.&nbsp;<\/p>\n\n\n\n<p>&nbsp;&nbsp; &nbsp;Auch f\u00fcr die \u00e4ltesten Teilnehmer unseres Rennens haben wir gute Nachrichten. Wir f\u00fchren die Altersklassen K70 und M70 ein. Au\u00dferdem m\u00f6chten wir den \u00e4ltesten Teilnehmer des Rennens zus\u00e4tzlich ehren.<\/p>","protected":false},"excerpt":{"rendered":"<p>\u00c4nderungen im Reglement des 50. D\u0119bno-Marathons 2024. Wir m\u00f6chten Sie dar\u00fcber informieren, dass wir im Einklang mit den Vorschl\u00e4gen und Erwartungen der Teilnehmer das Zeitlimit f\u00fcr die Durchf\u00fchrung des Rennens auf 6 Stunden erh\u00f6hen. Wir hoffen, dass diese \u00c4nderung es noch mehr Teilnehmern erm\u00f6glicht, an unserem 50. D\u0119bno-Jubil\u00e4umsmarathon 2024 teilzunehmen, und dass alle Laufbegeisterten an unserem gro\u00dfen Sportfest teilnehmen k\u00f6nnen.    Wir haben auch [\u2026]<\/p>","protected":false},"author":2,"featured_media":4852,"comment_status":"closed","ping_status":"closed","sticky":false,"template":"","format":"standard","meta":{"footnotes":""},"categories":[1],"tags":[],"_links":{"self":[{"href":"https:\/\/www.maratondebno.pl\/de\/wp-json\/wp\/v2\/posts\/4851"}],"collection":[{"href":"https:\/\/www.maratondebno.pl\/de\/wp-json\/wp\/v2\/posts"}],"about":[{"href":"https:\/\/www.maratondebno.pl\/de\/wp-json\/wp\/v2\/types\/post"}],"author":[{"embeddable":true,"href":"https:\/\/www.maratondebno.pl\/de\/wp-json\/wp\/v2\/users\/2"}],"replies":[{"embeddable":true,"href":"https:\/\/www.maratondebno.pl\/de\/wp-json\/wp\/v2\/comments?post=4851"}],"version-history":[{"count":1,"href":"https:\/\/www.maratondebno.pl\/de\/wp-json\/wp\/v2\/posts\/4851\/revisions"}],"predecessor-version":[{"id":4853,"href":"https:\/\/www.maratondebno.pl\/de\/wp-json\/wp\/v2\/posts\/4851\/revisions\/4853"}],"wp:featuredmedia":[{"embeddable":true,"href":"https:\/\/www.maratondebno.pl\/de\/wp-json\/wp\/v2\/media\/4852"}],"wp:attachment":[{"href":"https:\/\/www.maratondebno.pl\/de\/wp-json\/wp\/v2\/media?parent=4851"}],"wp:term":[{"taxonomy":"category","embeddable":true,"href":"https:\/\/www.maratondebno.pl\/de\/wp-json\/wp\/v2\/categories?post=4851"},{"taxonomy":"post_tag","embeddable":true,"href":"https:\/\/www.maratondebno.pl\/de\/wp-json\/wp\/v2\/tags?post=4851"}],"curies":[{"name":"wp","href":"https:\/\/api.w.org\/{rel}","templated":true}]}}