{"id":4846,"date":"2023-09-01T17:35:00","date_gmt":"2023-09-01T15:35:00","guid":{"rendered":"https:\/\/www.maratondebno.hmcloud.pl\/?p=4846"},"modified":"2024-01-09T17:36:25","modified_gmt":"2024-01-09T16:36:25","slug":"piecdziesiat-rozmow-na-50-maraton-debno-petra-pastorova","status":"publish","type":"post","link":"https:\/\/www.maratondebno.pl\/de\/piecdziesiat-rozmow-na-50-maraton-debno-petra-pastorova\/","title":{"rendered":"F\u00fcnfzig Gespr\u00e4che zum 50. D\u0119bno-Marathon \u2013 Petra Pastorov\u00e1"},"content":{"rendered":"<p>Wir m\u00f6chten Sie daran erinnern, dass die Startgeb\u00fchr nur bis zum 30. September 150 PLN betr\u00e4gt und im Startpaket ein technisches Sport-T-Shirt eines namhaften Unternehmens enthalten ist.<\/p>\n\n\n\n<p>Nach Ablauf dieser Frist erh\u00f6ht sich die Geb\u00fchr auf 200 PLN.<\/p>\n\n\n\n<p><br>Ein weiteres Fragment der Serie: \u201eF\u00fcnfzig Gespr\u00e4che zur f\u00fcnfzigsten Ausgabe des D\u0119bno-Marathons.\u201c Die Erinnerungen geh\u00f6ren der Tschechin Petra Pastorova. Der Athlet gewann den D\u0119bno-Marathon im Jahr 2023. Wir laden Sie zum Lesen ein!<\/p>\n\n\n\n<p>PETRA PASTOROV\u00c1<\/p>\n\n\n\n<figure class=\"wp-block-image size-large\"><img fetchpriority=\"high\" decoding=\"async\" width=\"1024\" height=\"720\" src=\"https:\/\/www.maratondebno.hmcloud.pl\/wp-content\/uploads\/2024\/01\/1695117346_ead63c48529c23c971e3b931770c6320-1024x720.jpg\" alt=\"\" class=\"wp-image-4848\" srcset=\"https:\/\/www.maratondebno.pl\/wp-content\/uploads\/2024\/01\/1695117346_ead63c48529c23c971e3b931770c6320-1024x720.jpg 1024w, https:\/\/www.maratondebno.pl\/wp-content\/uploads\/2024\/01\/1695117346_ead63c48529c23c971e3b931770c6320-300x211.jpg 300w, https:\/\/www.maratondebno.pl\/wp-content\/uploads\/2024\/01\/1695117346_ead63c48529c23c971e3b931770c6320-768x540.jpg 768w, https:\/\/www.maratondebno.pl\/wp-content\/uploads\/2024\/01\/1695117346_ead63c48529c23c971e3b931770c6320-1536x1079.jpg 1536w, https:\/\/www.maratondebno.pl\/wp-content\/uploads\/2024\/01\/1695117346_ead63c48529c23c971e3b931770c6320-2048x1439.jpg 2048w\" sizes=\"(max-width: 1024px) 100vw, 1024px\" \/><\/figure>\n\n\n\n<p>Im Jahr 2023 bin ich zum zweiten Mal in meinem Leben den Marathon in D\u0119bno gelaufen. Es ist ein sehr sch\u00f6nes Rennen mit langer Tradition. Mein Trainer, Otto Seitl, war vor 20 Jahren das letzte Mal dabei und hat f\u00fcnfmal daran teilgenommen, weshalb er mir Ihren Marathon empfohlen hat.&nbsp;<\/p>\n\n\n\n<p>Die Marathonstrecke ist auf jeden Fall eine sehr schnelle Strecke. Ich bin der Direktor des Ostrava-Marathons, dem \u00e4ltesten in der Tschechischen Republik, und freue mich sehr, dass es mir gelungen ist, den \u00e4ltesten Marathon in Polen, den D\u0119bno-Marathon, zu gewinnen. Ich glaube, dass ich n\u00e4chstes Jahr an der 50. Jubil\u00e4umsausgabe Ihres Laufs teilnehmen werde und hoffe, dass weitere L\u00e4ufer unseres Vereins dabei sein werden.<\/p>\n\n\n\n<p>Dieses Jahr kam ich mit dem Plan nach D\u0119bno, einen Marathon in weniger als 2 Stunden und 40 Minuten zu laufen. Ich war letztes Jahr von Ihrer Veranstaltung begeistert und da ich die Strecke kannte, konnte ich den Lauf getrost auf eine bestimmte Zeit planen. Ich habe die erste H\u00e4lfte des Rennens in einer Zeit absolviert, die mich glauben lie\u00df, dass ich die Zielzeit im Ziel erreichen w\u00fcrde. Ich lief sehr gut.<\/p>\n\n\n\n<p>In der zweiten H\u00e4lfte regnete es etwas und war windig. Au\u00dferdem begann ich, meine Muskeln stark zu sp\u00fcren. Ich bekam Wehen und musste langsamer werden. Im Ziel war ich sehr froh, dass ich gewonnen hatte.&nbsp;<\/p>\n\n\n\n<figure class=\"wp-block-image size-large\"><img decoding=\"async\" width=\"683\" height=\"1024\" src=\"https:\/\/www.maratondebno.hmcloud.pl\/wp-content\/uploads\/2024\/01\/1695117403_50b4d6ba2622b29e4eda7cf680d40457-683x1024.jpg\" alt=\"\" class=\"wp-image-4849\" srcset=\"https:\/\/www.maratondebno.pl\/wp-content\/uploads\/2024\/01\/1695117403_50b4d6ba2622b29e4eda7cf680d40457-683x1024.jpg 683w, https:\/\/www.maratondebno.pl\/wp-content\/uploads\/2024\/01\/1695117403_50b4d6ba2622b29e4eda7cf680d40457-200x300.jpg 200w, https:\/\/www.maratondebno.pl\/wp-content\/uploads\/2024\/01\/1695117403_50b4d6ba2622b29e4eda7cf680d40457-768x1152.jpg 768w, https:\/\/www.maratondebno.pl\/wp-content\/uploads\/2024\/01\/1695117403_50b4d6ba2622b29e4eda7cf680d40457-1024x1536.jpg 1024w, https:\/\/www.maratondebno.pl\/wp-content\/uploads\/2024\/01\/1695117403_50b4d6ba2622b29e4eda7cf680d40457.jpg 1365w\" sizes=\"(max-width: 683px) 100vw, 683px\" \/><\/figure>","protected":false},"excerpt":{"rendered":"<p>Wir m\u00f6chten Sie daran erinnern, dass die Startgeb\u00fchr nur bis zum 30. September 150 PLN betr\u00e4gt und im Startpaket ein technisches Sport-T-Shirt eines namhaften Unternehmens enthalten ist. Nach Ablauf dieser Frist erh\u00f6ht sich die Geb\u00fchr auf 200 PLN. Ein weiteres Fragment der Serie: \u201eF\u00fcnfzig Gespr\u00e4che zur f\u00fcnfzigsten Ausgabe des D\u0119bno-Marathons.\u201c Die Erinnerungen geh\u00f6ren der Tschechin Petra Pastorova. Der Athlet gewann den D\u0119bno-Marathon im Jahr 2023. Wir laden Sie zum Lesen ein! [\u2026]<\/p>","protected":false},"author":2,"featured_media":4847,"comment_status":"closed","ping_status":"closed","sticky":false,"template":"","format":"standard","meta":{"footnotes":""},"categories":[1],"tags":[],"_links":{"self":[{"href":"https:\/\/www.maratondebno.pl\/de\/wp-json\/wp\/v2\/posts\/4846"}],"collection":[{"href":"https:\/\/www.maratondebno.pl\/de\/wp-json\/wp\/v2\/posts"}],"about":[{"href":"https:\/\/www.maratondebno.pl\/de\/wp-json\/wp\/v2\/types\/post"}],"author":[{"embeddable":true,"href":"https:\/\/www.maratondebno.pl\/de\/wp-json\/wp\/v2\/users\/2"}],"replies":[{"embeddable":true,"href":"https:\/\/www.maratondebno.pl\/de\/wp-json\/wp\/v2\/comments?post=4846"}],"version-history":[{"count":1,"href":"https:\/\/www.maratondebno.pl\/de\/wp-json\/wp\/v2\/posts\/4846\/revisions"}],"predecessor-version":[{"id":4850,"href":"https:\/\/www.maratondebno.pl\/de\/wp-json\/wp\/v2\/posts\/4846\/revisions\/4850"}],"wp:featuredmedia":[{"embeddable":true,"href":"https:\/\/www.maratondebno.pl\/de\/wp-json\/wp\/v2\/media\/4847"}],"wp:attachment":[{"href":"https:\/\/www.maratondebno.pl\/de\/wp-json\/wp\/v2\/media?parent=4846"}],"wp:term":[{"taxonomy":"category","embeddable":true,"href":"https:\/\/www.maratondebno.pl\/de\/wp-json\/wp\/v2\/categories?post=4846"},{"taxonomy":"post_tag","embeddable":true,"href":"https:\/\/www.maratondebno.pl\/de\/wp-json\/wp\/v2\/tags?post=4846"}],"curies":[{"name":"wp","href":"https:\/\/api.w.org\/{rel}","templated":true}]}}