{"id":4823,"date":"2023-08-01T17:28:00","date_gmt":"2023-08-01T15:28:00","guid":{"rendered":"https:\/\/www.maratondebno.hmcloud.pl\/?p=4823"},"modified":"2024-01-09T17:29:53","modified_gmt":"2024-01-09T16:29:53","slug":"piecdziesiat-rozmow-na-50-maraton-debno-zdzislaw-wojcik","status":"publish","type":"post","link":"https:\/\/www.maratondebno.pl\/de\/piecdziesiat-rozmow-na-50-maraton-debno-zdzislaw-wojcik\/","title":{"rendered":"F\u00fcnfzig Gespr\u00e4che zum 50. D\u0119bno-Marathon \u2013 Zdzis\u0142aw W\u00f3jcik"},"content":{"rendered":"<p>&nbsp;Bis zum 50. D\u0119bno-Marathon 2024 bleibt nicht mehr viel Zeit. Da es sich um eine einzigartige, f\u00fcnfzigste Ausgabe unseres Rennens handelt, m\u00f6chten wir mit Ihnen die Erinnerungen an den D\u0119bno-Marathon von Menschen teilen, die um Medaillen gek\u00e4mpft haben oder an der Organisation der Veranstaltung mitgewirkt haben. Deshalb er\u00f6ffnen wir heute die Reihe: \u201eF\u00fcnfzig Gespr\u00e4che zur f\u00fcnfzigsten Ausgabe des D\u0119bno-Marathons\u201c.<\/p>\n\n\n\n<p>Die ersten Erinnerungen, die wir im Rahmen der Serie auf unserer Website und unserem Facebook-Profil ver\u00f6ffentlichen, geh\u00f6ren Herrn Micha\u0142 W\u00f3jcik, der als Vorreiter des Marathonlaufs in Polen gilt. Dieser legend\u00e4re Spieler und Trainer der Nationalmannschaft starb im Jahr 2017 und die Erinnerungen, die wir heute mit Ihnen teilen, wurden im Jahr 2012 geschrieben. Wir laden Sie zum Lesen ein!<\/p>\n\n\n\n<figure class=\"wp-block-image size-large\"><img fetchpriority=\"high\" decoding=\"async\" width=\"1024\" height=\"741\" src=\"https:\/\/www.maratondebno.hmcloud.pl\/wp-content\/uploads\/2024\/01\/1690807298_ed31b95d6881a1e44a45ae5c9bf6895b-1024x741.jpg\" alt=\"\" class=\"wp-image-4825\" srcset=\"https:\/\/www.maratondebno.pl\/wp-content\/uploads\/2024\/01\/1690807298_ed31b95d6881a1e44a45ae5c9bf6895b-1024x741.jpg 1024w, https:\/\/www.maratondebno.pl\/wp-content\/uploads\/2024\/01\/1690807298_ed31b95d6881a1e44a45ae5c9bf6895b-300x217.jpg 300w, https:\/\/www.maratondebno.pl\/wp-content\/uploads\/2024\/01\/1690807298_ed31b95d6881a1e44a45ae5c9bf6895b-768x555.jpg 768w, https:\/\/www.maratondebno.pl\/wp-content\/uploads\/2024\/01\/1690807298_ed31b95d6881a1e44a45ae5c9bf6895b.jpg 1409w\" sizes=\"(max-width: 1024px) 100vw, 1024px\" \/><\/figure>\n\n\n\n<p>Aus Nr. 65 Micha\u0142 W\u00f3jcik<\/p>\n\n\n\n<p>MICHA\u0141 W\u00d3JCIK<\/p>\n\n\n\n<p>Die seit 1966 in D\u0119bno organisierte Laufveranstaltung war die Polnische Marathonmeisterschaft. Diese Distanz war zu dieser Zeit nicht beliebt und nur wenige Menschen liefen sie. Ich kann sagen, dass das Ende der 1960er Jahre als Beginn des polnischen Marathons gilt.<\/p>\n\n\n\n<p>An den ersten Ausgaben des Rennens nahmen nur wenige Teilnehmer teil. Trotz allem war die Veranstaltung sehr gut organisiert. Ich erinnere mich an die gute Organisation der Ziellinie und der Verpflegungspunkte entlang der Rennstrecke. W\u00e4hrend des Wettkampfes auf der Strecke wurden wir vom Jubel der Einwohner von Cedynia und Umgebung unterst\u00fctzt. Sie \u00fcbergossen uns oft mit Wasser. Manchmal servierten sie es als Getr\u00e4nk. All dies machte die Reise nach D\u0119bno zu einem Vergn\u00fcgen. Mit der Zeit konnte ich mich nicht mehr an alle Ereignisse rund um das Ereignis erinnern. Ich kann mich auch an keine Nachteile der damaligen Rennen auf der Strecke Cedynia-Siekierki erinnern.<\/p>\n\n\n\n<p>Allerdings erinnere ich mich noch an ein besonderes Ereignis auf der Rennstrecke. Zusammen mit Zdzis\u0142aw Bogusz haben wir uns einen gro\u00dfen Vorteil gegen\u00fcber den anderen Wettbewerbern verschafft. Allerdings war das Wetter nicht zum Laufen geeignet. Es war sehr hei\u00df, was uns noch m\u00fcder machte. Auf halber Strecke entschieden mein Fluchtbegleiter und ich, dass wir noch einen Kilometer laufen und die Route verlassen w\u00fcrden. Dann geschah ein Wunder. Ein Sturm kam auf und erlaubte uns, das Rennen zu beenden.<\/p>\n\n\n\n<p>Der D\u0119bno-Marathon hatte einen entscheidenden Einfluss auf die Entwicklung des Marathonlaufs in Polen. Hier traten die besten polnischen Teilnehmer gegeneinander an. Seit 1973 erfreute sie sich in Europa gro\u00dfer Beliebtheit, da die Strecke schnell und flach war, was das Erreichen guter Ergebnisse beg\u00fcnstigte. Daher wollten sich Teilnehmer aus ganz Europa auf der D\u0119bno-Marathonstrecke messen.<\/p>\n\n\n\n<p>In den Jahren 1982 \u2013 1991 war ich Trainer der Nationalmannschaft und kam viele Male mit meinen Spielern nach D\u0119bno, darunter auch Antoni Niemczak \u2013 der aktuelle Marathon-Rekordhalter. Ich freue mich, dass ich die Gelegenheit hatte, an den ersten Ausgaben einer Veranstaltung mit so sch\u00f6nen Traditionen teilzunehmen.<\/p>\n\n\n\n<figure class=\"wp-block-image size-full\"><img decoding=\"async\" width=\"958\" height=\"595\" src=\"https:\/\/www.maratondebno.hmcloud.pl\/wp-content\/uploads\/2024\/01\/1690807455_d73a0fb565cb4bbba54a912fcd34172f.jpg\" alt=\"\" class=\"wp-image-4826\" srcset=\"https:\/\/www.maratondebno.pl\/wp-content\/uploads\/2024\/01\/1690807455_d73a0fb565cb4bbba54a912fcd34172f.jpg 958w, https:\/\/www.maratondebno.pl\/wp-content\/uploads\/2024\/01\/1690807455_d73a0fb565cb4bbba54a912fcd34172f-300x186.jpg 300w, https:\/\/www.maratondebno.pl\/wp-content\/uploads\/2024\/01\/1690807455_d73a0fb565cb4bbba54a912fcd34172f-768x477.jpg 768w\" sizes=\"(max-width: 958px) 100vw, 958px\" \/><\/figure>\n\n\n\n<p>Micha\u0142 W\u00f3jcik \u2013 Langstreckenl\u00e4ufer. Sechsmal nahm er an D\u0119bno-Veranstaltungen auf der Strecke Cedynia-Siekierki teil und belegte bei jedem Start einen Podestplatz (Zweiter \u2013 1966, 1967, 1968, 1972; Dritter \u2013 1969, 1971), w\u00e4hrend dieser Zeit gewann er auch zwei Meisterschaftsmedaillen. Polen beim Marathon (Silber \u2013 1972, Bronze \u2013 1971). 1969, bei der Europameisterschaft in Athen, belegte er im Marathonlauf den 7. Platz. Seine pers\u00f6nliche Bestleistung erreichte er 1972 beim Marathon (2:18:49) in D\u0119bno. Er war auch Europameister der Veteranen im Marathon (Kategorie der 50-J\u00e4hrigen).<\/p>\n\n\n\n<figure class=\"wp-block-image size-full\"><img decoding=\"async\" width=\"346\" height=\"756\" src=\"https:\/\/www.maratondebno.hmcloud.pl\/wp-content\/uploads\/2024\/01\/1690807524_d3dbdc027e4b013d26f9937050af2d7a.jpg\" alt=\"\" class=\"wp-image-4827\" srcset=\"https:\/\/www.maratondebno.pl\/wp-content\/uploads\/2024\/01\/1690807524_d3dbdc027e4b013d26f9937050af2d7a.jpg 346w, https:\/\/www.maratondebno.pl\/wp-content\/uploads\/2024\/01\/1690807524_d3dbdc027e4b013d26f9937050af2d7a-137x300.jpg 137w\" sizes=\"(max-width: 346px) 100vw, 346px\" \/><\/figure>","protected":false},"excerpt":{"rendered":"<p>&nbsp;Bis zum 50. D\u0119bno-Marathon 2024 bleibt nicht mehr viel Zeit. Da es sich um eine einzigartige, f\u00fcnfzigste Ausgabe unseres Rennens handelt, m\u00f6chten wir mit Ihnen die Erinnerungen an den D\u0119bno-Marathon von Menschen teilen, die um Medaillen gek\u00e4mpft haben oder an der Organisation der Veranstaltung mitgewirkt haben. Deshalb er\u00f6ffnen wir heute die Reihe: \u201eF\u00fcnfzig Gespr\u00e4che zur f\u00fcnfzigsten Ausgabe des D\u0119bno-Marathons\u201c. Der erste [\u2026]<\/p>","protected":false},"author":2,"featured_media":4824,"comment_status":"closed","ping_status":"closed","sticky":false,"template":"","format":"standard","meta":{"footnotes":""},"categories":[1],"tags":[],"_links":{"self":[{"href":"https:\/\/www.maratondebno.pl\/de\/wp-json\/wp\/v2\/posts\/4823"}],"collection":[{"href":"https:\/\/www.maratondebno.pl\/de\/wp-json\/wp\/v2\/posts"}],"about":[{"href":"https:\/\/www.maratondebno.pl\/de\/wp-json\/wp\/v2\/types\/post"}],"author":[{"embeddable":true,"href":"https:\/\/www.maratondebno.pl\/de\/wp-json\/wp\/v2\/users\/2"}],"replies":[{"embeddable":true,"href":"https:\/\/www.maratondebno.pl\/de\/wp-json\/wp\/v2\/comments?post=4823"}],"version-history":[{"count":1,"href":"https:\/\/www.maratondebno.pl\/de\/wp-json\/wp\/v2\/posts\/4823\/revisions"}],"predecessor-version":[{"id":4828,"href":"https:\/\/www.maratondebno.pl\/de\/wp-json\/wp\/v2\/posts\/4823\/revisions\/4828"}],"wp:featuredmedia":[{"embeddable":true,"href":"https:\/\/www.maratondebno.pl\/de\/wp-json\/wp\/v2\/media\/4824"}],"wp:attachment":[{"href":"https:\/\/www.maratondebno.pl\/de\/wp-json\/wp\/v2\/media?parent=4823"}],"wp:term":[{"taxonomy":"category","embeddable":true,"href":"https:\/\/www.maratondebno.pl\/de\/wp-json\/wp\/v2\/categories?post=4823"},{"taxonomy":"post_tag","embeddable":true,"href":"https:\/\/www.maratondebno.pl\/de\/wp-json\/wp\/v2\/tags?post=4823"}],"curies":[{"name":"wp","href":"https:\/\/api.w.org\/{rel}","templated":true}]}}