{"id":4559,"date":"2019-01-04T16:17:00","date_gmt":"2019-01-04T15:17:00","guid":{"rendered":"https:\/\/www.maratondebno.hmcloud.pl\/?p=4559"},"modified":"2024-01-09T16:18:04","modified_gmt":"2024-01-09T15:18:04","slug":"zapisy-2","status":"publish","type":"post","link":"https:\/\/www.maratondebno.pl\/de\/zapisy-2\/","title":{"rendered":"ANMELDUNGEN"},"content":{"rendered":"<p>Viele Wochen vor dem angek\u00fcndigten Anmeldebeginn f\u00fcr unser Rennen haben wir daran gearbeitet, das Anmeldeformular so benutzerfreundlich wie m\u00f6glich zu gestalten und die Server f\u00fcr die h\u00f6chstm\u00f6gliche Auslastung bereit zu machen. Wir waren auf einen um ein Vielfaches h\u00f6heren Verkehr als im letzten Jahr vorbereitet. Das Szenario wurde mit bis zu 2.000 gleichzeitigen Anmeldungen getestet. Die Realit\u00e4t \u00fcbertraf jedoch alle Berechnungen. Am 1. Januar, als die Registrierung f\u00fcr den 46. D\u0119bno-Marathon 2019 begann, kam es zu einer Situation, die den Start der Registrierung von Teilnehmern verhinderte. Ab 14.50 Uhr lag der Traffic bei etwa 15.000 gleichzeitigen Zugriffsversuchen auf die Website. Die Anzahl der Serveranfragen war um ein Vielfaches h\u00f6her als im Vorjahr, was zu einer Systemblockade f\u00fchrte.<\/p>\n\n\n\n<p>Die Organisation des D\u0119bno-Marathons ist f\u00fcr uns eine besondere Herausforderung und wir beabsichtigen nicht, die Schuld f\u00fcr unsere Fehler anderen Personen oder Unternehmen zuzuschieben. Wir werden unser Bestes tun, um sicherzustellen, dass die Organisation unseres Rennens wie jedes Jahr auf dem h\u00f6chstm\u00f6glichen Niveau ist. Wir entschuldigen uns f\u00fcr etwaige organisatorische Fehler und Unannehmlichkeiten. Wir hoffen, dass es nicht viele werden und der Start des 46. D\u0119bno-Marathons ein gro\u00dfes Sportfest wird.<\/p>\n\n\n\n<p>Aufgrund des gro\u00dfen Interesses und um noch mehr Menschen die Teilnahme zu erm\u00f6glichen, erh\u00f6hen wir die Teilnehmerzahl auf 3.000. \u00dcber das elektronische Bewerbungsmodul werden 2.700 Teilnehmer zugelassen. Nach Anmeldeschluss wird eine zus\u00e4tzliche Reserveliste f\u00fcr Personen erstellt, die den Crown of Polish Marathons beenden und sich nicht auf dem normalen Weg anmelden k\u00f6nnen. Bevorzugt werden Personen, die nur noch ein oder zwei L\u00e4ufe von der Vollendung von Korona, einschlie\u00dflich des D\u0119bno-Marathons, entfernt sind.&nbsp;<\/p>\n\n\n\n<p>Wie angek\u00fcndigt starten wir am Sonntag, 6. Januar um 12:00 Uhr mit der Neuanmeldung und hoffen auf ein erfolgreiches Finale.<\/p>","protected":false},"excerpt":{"rendered":"<p>Viele Wochen vor dem angek\u00fcndigten Er\u00f6ffnungstermin f\u00fcr die Anmeldung zu unserem Rennen haben wir daran gearbeitet, das Anmeldeformular so benutzerfreundlich wie m\u00f6glich zu gestalten und die Server f\u00fcr die h\u00f6chstm\u00f6gliche Auslastung bereit zu machen. Wir waren auf einen um ein Vielfaches h\u00f6heren Verkehr als im letzten Jahr vorbereitet. Das Szenario wurde mit bis zu 2.000 gleichzeitigen Anmeldungen getestet. Die Realit\u00e4t \u00fcbertraf jedoch alle Berechnungen. Am 1. Januar, als die Registrierung begann, [...]<\/p>","protected":false},"author":2,"featured_media":4560,"comment_status":"closed","ping_status":"closed","sticky":false,"template":"","format":"standard","meta":{"footnotes":""},"categories":[1],"tags":[],"_links":{"self":[{"href":"https:\/\/www.maratondebno.pl\/de\/wp-json\/wp\/v2\/posts\/4559"}],"collection":[{"href":"https:\/\/www.maratondebno.pl\/de\/wp-json\/wp\/v2\/posts"}],"about":[{"href":"https:\/\/www.maratondebno.pl\/de\/wp-json\/wp\/v2\/types\/post"}],"author":[{"embeddable":true,"href":"https:\/\/www.maratondebno.pl\/de\/wp-json\/wp\/v2\/users\/2"}],"replies":[{"embeddable":true,"href":"https:\/\/www.maratondebno.pl\/de\/wp-json\/wp\/v2\/comments?post=4559"}],"version-history":[{"count":1,"href":"https:\/\/www.maratondebno.pl\/de\/wp-json\/wp\/v2\/posts\/4559\/revisions"}],"predecessor-version":[{"id":4561,"href":"https:\/\/www.maratondebno.pl\/de\/wp-json\/wp\/v2\/posts\/4559\/revisions\/4561"}],"wp:featuredmedia":[{"embeddable":true,"href":"https:\/\/www.maratondebno.pl\/de\/wp-json\/wp\/v2\/media\/4560"}],"wp:attachment":[{"href":"https:\/\/www.maratondebno.pl\/de\/wp-json\/wp\/v2\/media?parent=4559"}],"wp:term":[{"taxonomy":"category","embeddable":true,"href":"https:\/\/www.maratondebno.pl\/de\/wp-json\/wp\/v2\/categories?post=4559"},{"taxonomy":"post_tag","embeddable":true,"href":"https:\/\/www.maratondebno.pl\/de\/wp-json\/wp\/v2\/tags?post=4559"}],"curies":[{"name":"wp","href":"https:\/\/api.w.org\/{rel}","templated":true}]}}