{"id":4556,"date":"2019-01-01T16:15:00","date_gmt":"2019-01-01T15:15:00","guid":{"rendered":"https:\/\/www.maratondebno.hmcloud.pl\/?p=4556"},"modified":"2024-01-09T16:16:15","modified_gmt":"2024-01-09T15:16:15","slug":"dostartu-oswiadczenie","status":"publish","type":"post","link":"https:\/\/www.maratondebno.pl\/de\/dostartu-oswiadczenie\/","title":{"rendered":"TO:ST:AR:TU \u2013 Anweisung"},"content":{"rendered":"<p>Das Unternehmen DO:ST:AR:TU \u2013 Rafa\u0142 Rakoczy, verantwortlich f\u00fcr die IT-Verwaltung der Registrierung f\u00fcr den 46. D\u0119bno-Marathon, hat eine Stellungnahme zu Problemen ver\u00f6ffentlicht, die bei der Registrierung von Teilnehmern aufgetreten sind.<\/p>\n\n\n\n<p>Liebe Spieler,<br>Aufgrund des erh\u00f6hten Datenverkehrs auf der Website dostartu.pl kam es heute vor\u00fcbergehend zu technischen Problemen.<br>Die Einzelanmeldungen f\u00fcr den D\u0119bno-Marathon wurden kurz vor Beginn der Anmeldung von programmierten Aufzeichnungs-\u201eBots\u201c belagert.<br>Der f\u00fcr heute geplante Anmeldebeginn wurde verschoben, um die Anmeldung besser zu sichern.&nbsp;<br>Wir entschuldigen uns aufrichtig f\u00fcr die Situation.<br><a href=\"https:\/\/web.facebook.com\/dostartu\" rel=\"noreferrer noopener\" target=\"_blank\">https:\/\/web.facebook.com\/dostartu<\/a><\/p>","protected":false},"excerpt":{"rendered":"<p>Das Unternehmen DO:ST:AR:TU \u2013 Rafa\u0142 Rakoczy, verantwortlich f\u00fcr die IT-Verwaltung der Registrierung f\u00fcr den 46. D\u0119bno-Marathon, hat eine Stellungnahme zu Problemen ver\u00f6ffentlicht, die bei der Registrierung von Teilnehmern aufgetreten sind. Liebe Teilnehmer, aufgrund des erh\u00f6hten Datenverkehrs auf der Website dostartu.pl kam es heute kurz vor dem f\u00fcr heute geplanten Beginn der Registrierung zu vor\u00fcbergehenden technischen Problemen wurde verschoben, [...]<\/p>","protected":false},"author":2,"featured_media":4557,"comment_status":"closed","ping_status":"closed","sticky":false,"template":"","format":"standard","meta":{"footnotes":""},"categories":[1],"tags":[],"_links":{"self":[{"href":"https:\/\/www.maratondebno.pl\/de\/wp-json\/wp\/v2\/posts\/4556"}],"collection":[{"href":"https:\/\/www.maratondebno.pl\/de\/wp-json\/wp\/v2\/posts"}],"about":[{"href":"https:\/\/www.maratondebno.pl\/de\/wp-json\/wp\/v2\/types\/post"}],"author":[{"embeddable":true,"href":"https:\/\/www.maratondebno.pl\/de\/wp-json\/wp\/v2\/users\/2"}],"replies":[{"embeddable":true,"href":"https:\/\/www.maratondebno.pl\/de\/wp-json\/wp\/v2\/comments?post=4556"}],"version-history":[{"count":1,"href":"https:\/\/www.maratondebno.pl\/de\/wp-json\/wp\/v2\/posts\/4556\/revisions"}],"predecessor-version":[{"id":4558,"href":"https:\/\/www.maratondebno.pl\/de\/wp-json\/wp\/v2\/posts\/4556\/revisions\/4558"}],"wp:featuredmedia":[{"embeddable":true,"href":"https:\/\/www.maratondebno.pl\/de\/wp-json\/wp\/v2\/media\/4557"}],"wp:attachment":[{"href":"https:\/\/www.maratondebno.pl\/de\/wp-json\/wp\/v2\/media?parent=4556"}],"wp:term":[{"taxonomy":"category","embeddable":true,"href":"https:\/\/www.maratondebno.pl\/de\/wp-json\/wp\/v2\/categories?post=4556"},{"taxonomy":"post_tag","embeddable":true,"href":"https:\/\/www.maratondebno.pl\/de\/wp-json\/wp\/v2\/tags?post=4556"}],"curies":[{"name":"wp","href":"https:\/\/api.w.org\/{rel}","templated":true}]}}