{"id":4528,"date":"2018-04-13T15:57:00","date_gmt":"2018-04-13T13:57:00","guid":{"rendered":"https:\/\/www.maratondebno.hmcloud.pl\/?p=4528"},"modified":"2024-01-09T15:58:05","modified_gmt":"2024-01-09T14:58:05","slug":"marcin-pech-zaprasza","status":"publish","type":"post","link":"https:\/\/www.maratondebno.pl\/de\/marcin-pech-zaprasza\/","title":{"rendered":"Marcin Pech l\u00e4dt Sie ein....."},"content":{"rendered":"<p>Wir laden Sie ein, einen gro\u00dfartigen Film von Marcin Pech, einem Fotografen und Filmemacher aus D\u0119bno, anzusehen.<\/p>\n\n\n\n<p><a href=\"https:\/\/www.facebook.com\/marcin.pech.79\/videos\/1650876994960523\/?q=marcin%20pech\" target=\"_blank\" rel=\"noopener\">SCHAU DAS VIDEO<\/a><\/p>","protected":false},"excerpt":{"rendered":"<p>Wir laden Sie ein, einen gro\u00dfartigen Film von Marcin Pech, einem Fotografen und Filmemacher aus D\u0119bno, anzusehen. SEHEN SIE SICH DAS VIDEO AN<\/p>","protected":false},"author":2,"featured_media":4529,"comment_status":"closed","ping_status":"closed","sticky":false,"template":"","format":"standard","meta":{"footnotes":""},"categories":[1],"tags":[],"_links":{"self":[{"href":"https:\/\/www.maratondebno.pl\/de\/wp-json\/wp\/v2\/posts\/4528"}],"collection":[{"href":"https:\/\/www.maratondebno.pl\/de\/wp-json\/wp\/v2\/posts"}],"about":[{"href":"https:\/\/www.maratondebno.pl\/de\/wp-json\/wp\/v2\/types\/post"}],"author":[{"embeddable":true,"href":"https:\/\/www.maratondebno.pl\/de\/wp-json\/wp\/v2\/users\/2"}],"replies":[{"embeddable":true,"href":"https:\/\/www.maratondebno.pl\/de\/wp-json\/wp\/v2\/comments?post=4528"}],"version-history":[{"count":1,"href":"https:\/\/www.maratondebno.pl\/de\/wp-json\/wp\/v2\/posts\/4528\/revisions"}],"predecessor-version":[{"id":4530,"href":"https:\/\/www.maratondebno.pl\/de\/wp-json\/wp\/v2\/posts\/4528\/revisions\/4530"}],"wp:featuredmedia":[{"embeddable":true,"href":"https:\/\/www.maratondebno.pl\/de\/wp-json\/wp\/v2\/media\/4529"}],"wp:attachment":[{"href":"https:\/\/www.maratondebno.pl\/de\/wp-json\/wp\/v2\/media?parent=4528"}],"wp:term":[{"taxonomy":"category","embeddable":true,"href":"https:\/\/www.maratondebno.pl\/de\/wp-json\/wp\/v2\/categories?post=4528"},{"taxonomy":"post_tag","embeddable":true,"href":"https:\/\/www.maratondebno.pl\/de\/wp-json\/wp\/v2\/tags?post=4528"}],"curies":[{"name":"wp","href":"https:\/\/api.w.org\/{rel}","templated":true}]}}