{"id":4452,"date":"2017-01-04T21:45:00","date_gmt":"2017-01-04T20:45:00","guid":{"rendered":"https:\/\/www.maratondebno.hmcloud.pl\/?p=4452"},"modified":"2024-01-08T21:46:08","modified_gmt":"2024-01-08T20:46:08","slug":"biegne-dla-tych-ktorzy-marza-by-chodzic","status":"publish","type":"post","link":"https:\/\/www.maratondebno.pl\/de\/biegne-dla-tych-ktorzy-marza-by-chodzic\/","title":{"rendered":"Ich laufe f\u00fcr diejenigen, die vom Laufen tr\u00e4umen."},"content":{"rendered":"<p>Ich laufe f\u00fcr diejenigen, die vom Gehen tr\u00e4umen, ist ein Wohlt\u00e4tigkeitsprojekt, die Geschichte \u00fcber die polnische Laufschule ist auch Motivation f\u00fcr Sie. Zu den Projektbotschaftern geh\u00f6ren: Karolina Gorczyca, Pawe\u0142 Januszewski, Przemek Miarczy\u0144ski, Jerzy Skar\u017cy\u0144ski .....<br><a href=\"http:\/\/maraton.zakonmaltanski.pl\/80-trudne-lata-rewelacyjne-czasy\/\" target=\"_blank\" rel=\"noopener\">MEHR\u2026<\/a><\/p>","protected":false},"excerpt":{"rendered":"<p>Ich laufe f\u00fcr diejenigen, die vom Gehen tr\u00e4umen, ist ein Wohlt\u00e4tigkeitsprojekt, die Geschichte \u00fcber die polnische Laufschule ist auch Motivation f\u00fcr Sie. Zu den Projektbotschaftern geh\u00f6ren: Karolina Gorczyca, Pawe\u0142 Januszewski, Przemek Miarczy\u0144ski, Jerzy Skar\u017cy\u0144ski .....MEHR...<\/p>","protected":false},"author":2,"featured_media":4453,"comment_status":"closed","ping_status":"closed","sticky":false,"template":"","format":"standard","meta":{"footnotes":""},"categories":[1],"tags":[],"_links":{"self":[{"href":"https:\/\/www.maratondebno.pl\/de\/wp-json\/wp\/v2\/posts\/4452"}],"collection":[{"href":"https:\/\/www.maratondebno.pl\/de\/wp-json\/wp\/v2\/posts"}],"about":[{"href":"https:\/\/www.maratondebno.pl\/de\/wp-json\/wp\/v2\/types\/post"}],"author":[{"embeddable":true,"href":"https:\/\/www.maratondebno.pl\/de\/wp-json\/wp\/v2\/users\/2"}],"replies":[{"embeddable":true,"href":"https:\/\/www.maratondebno.pl\/de\/wp-json\/wp\/v2\/comments?post=4452"}],"version-history":[{"count":1,"href":"https:\/\/www.maratondebno.pl\/de\/wp-json\/wp\/v2\/posts\/4452\/revisions"}],"predecessor-version":[{"id":4454,"href":"https:\/\/www.maratondebno.pl\/de\/wp-json\/wp\/v2\/posts\/4452\/revisions\/4454"}],"wp:featuredmedia":[{"embeddable":true,"href":"https:\/\/www.maratondebno.pl\/de\/wp-json\/wp\/v2\/media\/4453"}],"wp:attachment":[{"href":"https:\/\/www.maratondebno.pl\/de\/wp-json\/wp\/v2\/media?parent=4452"}],"wp:term":[{"taxonomy":"category","embeddable":true,"href":"https:\/\/www.maratondebno.pl\/de\/wp-json\/wp\/v2\/categories?post=4452"},{"taxonomy":"post_tag","embeddable":true,"href":"https:\/\/www.maratondebno.pl\/de\/wp-json\/wp\/v2\/tags?post=4452"}],"curies":[{"name":"wp","href":"https:\/\/api.w.org\/{rel}","templated":true}]}}