{"id":4428,"date":"2016-04-02T21:34:00","date_gmt":"2016-04-02T19:34:00","guid":{"rendered":"https:\/\/www.maratondebno.hmcloud.pl\/?p=4428"},"modified":"2024-01-08T21:35:50","modified_gmt":"2024-01-08T20:35:50","slug":"maraton-czas-zaczac","status":"publish","type":"post","link":"https:\/\/www.maratondebno.pl\/de\/maraton-czas-zaczac\/","title":{"rendered":"Es ist Zeit, den Marathon zu starten!"},"content":{"rendered":"<p>Wir laden Sie ein, dies im Wettbewerbsb\u00fcro \u00fcberpr\u00fcfen zu lassen. Das B\u00fcro ist am Samstag von 10.00 bis 22.00 Uhr und am Sonntag von 7.00 bis 9.30 Uhr ge\u00f6ffnet.&nbsp;<br>Wir m\u00f6chten Sie auf Unannehmlichkeiten beim Pendeln hinweisen. Sonntags ist die Strecke ab 9:30 Uhr gesperrt.<\/p>\n\n\n\n<figure class=\"wp-block-image size-full\"><img fetchpriority=\"high\" decoding=\"async\" width=\"960\" height=\"717\" src=\"https:\/\/www.maratondebno.hmcloud.pl\/wp-content\/uploads\/2024\/01\/1459599592_d48856478b4e3ea7f97e5b576cc2c699.jpg\" alt=\"\" class=\"wp-image-4430\" srcset=\"https:\/\/www.maratondebno.pl\/wp-content\/uploads\/2024\/01\/1459599592_d48856478b4e3ea7f97e5b576cc2c699.jpg 960w, https:\/\/www.maratondebno.pl\/wp-content\/uploads\/2024\/01\/1459599592_d48856478b4e3ea7f97e5b576cc2c699-300x224.jpg 300w, https:\/\/www.maratondebno.pl\/wp-content\/uploads\/2024\/01\/1459599592_d48856478b4e3ea7f97e5b576cc2c699-768x574.jpg 768w\" sizes=\"(max-width: 960px) 100vw, 960px\" \/><\/figure>","protected":false},"excerpt":{"rendered":"<p>Wir laden Sie ein, dies im Wettbewerbsb\u00fcro \u00fcberpr\u00fcfen zu lassen. Das B\u00fcro ist am Samstag von 10.00 bis 22.00 Uhr und am Sonntag von 7.00 bis 9.30 Uhr ge\u00f6ffnet. Wir m\u00f6chten Sie auf Unannehmlichkeiten beim Pendeln hinweisen. Sonntags ist die Strecke ab 9:30 Uhr gesperrt.<\/p>","protected":false},"author":2,"featured_media":4429,"comment_status":"closed","ping_status":"closed","sticky":false,"template":"","format":"standard","meta":{"footnotes":""},"categories":[1],"tags":[],"_links":{"self":[{"href":"https:\/\/www.maratondebno.pl\/de\/wp-json\/wp\/v2\/posts\/4428"}],"collection":[{"href":"https:\/\/www.maratondebno.pl\/de\/wp-json\/wp\/v2\/posts"}],"about":[{"href":"https:\/\/www.maratondebno.pl\/de\/wp-json\/wp\/v2\/types\/post"}],"author":[{"embeddable":true,"href":"https:\/\/www.maratondebno.pl\/de\/wp-json\/wp\/v2\/users\/2"}],"replies":[{"embeddable":true,"href":"https:\/\/www.maratondebno.pl\/de\/wp-json\/wp\/v2\/comments?post=4428"}],"version-history":[{"count":1,"href":"https:\/\/www.maratondebno.pl\/de\/wp-json\/wp\/v2\/posts\/4428\/revisions"}],"predecessor-version":[{"id":4431,"href":"https:\/\/www.maratondebno.pl\/de\/wp-json\/wp\/v2\/posts\/4428\/revisions\/4431"}],"wp:featuredmedia":[{"embeddable":true,"href":"https:\/\/www.maratondebno.pl\/de\/wp-json\/wp\/v2\/media\/4429"}],"wp:attachment":[{"href":"https:\/\/www.maratondebno.pl\/de\/wp-json\/wp\/v2\/media?parent=4428"}],"wp:term":[{"taxonomy":"category","embeddable":true,"href":"https:\/\/www.maratondebno.pl\/de\/wp-json\/wp\/v2\/categories?post=4428"},{"taxonomy":"post_tag","embeddable":true,"href":"https:\/\/www.maratondebno.pl\/de\/wp-json\/wp\/v2\/tags?post=4428"}],"curies":[{"name":"wp","href":"https:\/\/api.w.org\/{rel}","templated":true}]}}