{"id":4409,"date":"2015-04-14T21:29:00","date_gmt":"2015-04-14T19:29:00","guid":{"rendered":"https:\/\/www.maratondebno.hmcloud.pl\/?p=4409"},"modified":"2024-01-08T21:29:42","modified_gmt":"2024-01-08T20:29:42","slug":"lukasz-panfil-relacjonuje","status":"publish","type":"post","link":"https:\/\/www.maratondebno.pl\/de\/lukasz-panfil-relacjonuje\/","title":{"rendered":"\u0141ukasz Panfil berichtet"},"content":{"rendered":"<p>Polnische Marathons \u00fcber den D\u0119bno-Marathon.<\/p>\n\n\n\n<p><strong><a href=\"http:\/\/www.maratonypolskie.pl\/mp_index.php?dzial=1&amp;action=14&amp;code=14405\" target=\"_blank\" rel=\"noopener\">Wir laden Sie zum Lesen ein&nbsp;<\/a><\/strong><\/p>","protected":false},"excerpt":{"rendered":"<p>Polnische Marathons \u00fcber den D\u0119bno-Marathon. Wir laden Sie zum Lesen ein&nbsp;<\/p>","protected":false},"author":2,"featured_media":4410,"comment_status":"closed","ping_status":"closed","sticky":false,"template":"","format":"standard","meta":{"footnotes":""},"categories":[1],"tags":[],"_links":{"self":[{"href":"https:\/\/www.maratondebno.pl\/de\/wp-json\/wp\/v2\/posts\/4409"}],"collection":[{"href":"https:\/\/www.maratondebno.pl\/de\/wp-json\/wp\/v2\/posts"}],"about":[{"href":"https:\/\/www.maratondebno.pl\/de\/wp-json\/wp\/v2\/types\/post"}],"author":[{"embeddable":true,"href":"https:\/\/www.maratondebno.pl\/de\/wp-json\/wp\/v2\/users\/2"}],"replies":[{"embeddable":true,"href":"https:\/\/www.maratondebno.pl\/de\/wp-json\/wp\/v2\/comments?post=4409"}],"version-history":[{"count":1,"href":"https:\/\/www.maratondebno.pl\/de\/wp-json\/wp\/v2\/posts\/4409\/revisions"}],"predecessor-version":[{"id":4411,"href":"https:\/\/www.maratondebno.pl\/de\/wp-json\/wp\/v2\/posts\/4409\/revisions\/4411"}],"wp:featuredmedia":[{"embeddable":true,"href":"https:\/\/www.maratondebno.pl\/de\/wp-json\/wp\/v2\/media\/4410"}],"wp:attachment":[{"href":"https:\/\/www.maratondebno.pl\/de\/wp-json\/wp\/v2\/media?parent=4409"}],"wp:term":[{"taxonomy":"category","embeddable":true,"href":"https:\/\/www.maratondebno.pl\/de\/wp-json\/wp\/v2\/categories?post=4409"},{"taxonomy":"post_tag","embeddable":true,"href":"https:\/\/www.maratondebno.pl\/de\/wp-json\/wp\/v2\/tags?post=4409"}],"curies":[{"name":"wp","href":"https:\/\/api.w.org\/{rel}","templated":true}]}}