{"id":4360,"date":"2011-11-16T21:07:00","date_gmt":"2011-11-16T20:07:00","guid":{"rendered":"https:\/\/www.maratondebno.hmcloud.pl\/?p=4360"},"modified":"2024-01-08T21:07:43","modified_gmt":"2024-01-08T20:07:43","slug":"40-maraton-debno-na-facebook","status":"publish","type":"post","link":"https:\/\/www.maratondebno.pl\/de\/40-maraton-debno-na-facebook\/","title":{"rendered":"40. D\u0118BNO-MARATHON AUF FACEBOOK"},"content":{"rendered":"<p>Wir m\u00f6chten Sie daran erinnern, dass wir auf Facebook pr\u00e4sent und aktiv sind. Wir laden Sie ein, unserem Profil beizutreten und es zu liken, wo wir die neuesten Informationen pr\u00e4sentieren, Wettbewerbe ank\u00fcndigen und \u00fcber unser Sportfest diskutieren. Wir z\u00e4hlen auf Ihren Beitrag, denn jede Stimme in der Diskussion, jeder Tipp hilft uns, den Marathon besser vorzubereiten. Und das ist es, was wir alle wollen: Unsere Veranstaltung immer besser zu machen.<\/p>","protected":false},"excerpt":{"rendered":"<p>Wir m\u00f6chten Sie daran erinnern, dass wir auf Facebook pr\u00e4sent und aktiv sind. Wir laden Sie ein, unserem Profil beizutreten und es zu liken, wo wir die neuesten Informationen pr\u00e4sentieren, Wettbewerbe ank\u00fcndigen und \u00fcber unser Sportfest diskutieren. Wir z\u00e4hlen auf Ihren Beitrag, denn jede Stimme in der Diskussion, jeder Tipp hilft uns, den Marathon besser vorzubereiten. Und das ist es, was wir alle wollen: dass unsere Veranstaltung [\u2026]<\/p>","protected":false},"author":2,"featured_media":4361,"comment_status":"closed","ping_status":"closed","sticky":false,"template":"","format":"standard","meta":{"footnotes":""},"categories":[1],"tags":[],"_links":{"self":[{"href":"https:\/\/www.maratondebno.pl\/de\/wp-json\/wp\/v2\/posts\/4360"}],"collection":[{"href":"https:\/\/www.maratondebno.pl\/de\/wp-json\/wp\/v2\/posts"}],"about":[{"href":"https:\/\/www.maratondebno.pl\/de\/wp-json\/wp\/v2\/types\/post"}],"author":[{"embeddable":true,"href":"https:\/\/www.maratondebno.pl\/de\/wp-json\/wp\/v2\/users\/2"}],"replies":[{"embeddable":true,"href":"https:\/\/www.maratondebno.pl\/de\/wp-json\/wp\/v2\/comments?post=4360"}],"version-history":[{"count":1,"href":"https:\/\/www.maratondebno.pl\/de\/wp-json\/wp\/v2\/posts\/4360\/revisions"}],"predecessor-version":[{"id":4362,"href":"https:\/\/www.maratondebno.pl\/de\/wp-json\/wp\/v2\/posts\/4360\/revisions\/4362"}],"wp:featuredmedia":[{"embeddable":true,"href":"https:\/\/www.maratondebno.pl\/de\/wp-json\/wp\/v2\/media\/4361"}],"wp:attachment":[{"href":"https:\/\/www.maratondebno.pl\/de\/wp-json\/wp\/v2\/media?parent=4360"}],"wp:term":[{"taxonomy":"category","embeddable":true,"href":"https:\/\/www.maratondebno.pl\/de\/wp-json\/wp\/v2\/categories?post=4360"},{"taxonomy":"post_tag","embeddable":true,"href":"https:\/\/www.maratondebno.pl\/de\/wp-json\/wp\/v2\/tags?post=4360"}],"curies":[{"name":"wp","href":"https:\/\/api.w.org\/{rel}","templated":true}]}}