{"id":4347,"date":"2015-12-15T21:02:00","date_gmt":"2015-12-15T20:02:00","guid":{"rendered":"https:\/\/www.maratondebno.hmcloud.pl\/?p=4347"},"modified":"2024-01-08T21:06:41","modified_gmt":"2024-01-08T20:06:41","slug":"50-lecie-maratonu-debno-1966-2016","status":"publish","type":"post","link":"https:\/\/www.maratondebno.pl\/de\/50-lecie-maratonu-debno-1966-2016\/","title":{"rendered":"50. Jahrestag des D\u0119bno-Marathons 1966-2016"},"content":{"rendered":"<p><strong>Im Jahr 2016 feiern wir das goldene Jubil\u00e4um der Organisation der ersten Ausgabe des Rennens.<\/strong><\/p>\n\n\n\n<p>&nbsp;&nbsp; &nbsp;&nbsp;&nbsp; &nbsp;&nbsp;&nbsp; &nbsp;&nbsp;&nbsp; &nbsp;&nbsp;&nbsp; &nbsp;<em>D\u0119bno ist zum neuen polnischen Marathon geworden,<br>&nbsp;&nbsp; &nbsp;&nbsp;&nbsp; &nbsp;&nbsp;&nbsp; &nbsp;&nbsp;&nbsp; &nbsp;&nbsp;&nbsp; &nbsp;unter dem jede Schlacht gewonnen wird<br>&nbsp;&nbsp; &nbsp;&nbsp;&nbsp; &nbsp;&nbsp;&nbsp; &nbsp;&nbsp;&nbsp; &nbsp; &nbsp; &nbsp; &nbsp; &nbsp; &nbsp; und jeder Held feierte<\/em><\/p>\n\n\n\n<p><em>&nbsp;&nbsp; &nbsp;&nbsp;&nbsp; &nbsp;&nbsp;&nbsp; &nbsp;&nbsp;&nbsp; &nbsp;&nbsp;&nbsp; &nbsp;&nbsp;&nbsp; &nbsp;&nbsp;&nbsp; &nbsp;&nbsp;&nbsp; &nbsp;&nbsp;&nbsp; &nbsp;&nbsp; &nbsp; Jacek \u017bemantowski<\/em><\/p>\n\n\n\n<p>Auf Initiative von Henryk Witkowski wurde 1966 ein Langstreckenlauf mit dem Titel \u201eDer kleine Marathon f\u00fcr das Blaue Band der Friedensgrenze\u201c durchgef\u00fchrt. Die Teilnehmerliste des Rennens sowie die Popularit\u00e4t dieses Wettbewerbs wuchsen von Jahr zu Jahr.<\/p>\n\n\n\n<figure class=\"wp-block-image size-full\"><img fetchpriority=\"high\" decoding=\"async\" width=\"404\" height=\"465\" src=\"https:\/\/www.maratondebno.hmcloud.pl\/wp-content\/uploads\/2024\/01\/1450190061_fee5bcb0b11fbea86b0ab6fbacd7f897.jpg\" alt=\"\" class=\"wp-image-4348\" srcset=\"https:\/\/www.maratondebno.pl\/wp-content\/uploads\/2024\/01\/1450190061_fee5bcb0b11fbea86b0ab6fbacd7f897.jpg 404w, https:\/\/www.maratondebno.pl\/wp-content\/uploads\/2024\/01\/1450190061_fee5bcb0b11fbea86b0ab6fbacd7f897-261x300.jpg 261w\" sizes=\"(max-width: 404px) 100vw, 404px\" \/><\/figure>\n\n\n\n<p>Henryk Witkowski \u2013 Initiator des D\u0119bno-Marathons<\/p>\n\n\n\n<p>In den 1970er Jahren reiht sich der D\u0119bno-Marathon in die Gruppe der prestigetr\u00e4chtigen Laufveranstaltungen in Europa ein. Er genoss Anerkennung bei Wettk\u00e4mpfern und polnischen Langstreckenlaufaktivisten.&nbsp;<\/p>\n\n\n\n<p>&nbsp;&nbsp; &nbsp;In D\u0119bno waren nicht nur polnische Teammitglieder zu Gast, sondern auch viele L\u00e4ufer aus \u00fcber vierzig L\u00e4ndern in Europa, Afrika, Amerika und Asien.<br>Die Stars des polnischen Marathons wurden hier geboren, darunter: Antoni Niemczak, Gra\u017cyna Syrek und Ryszard Marczak. Die von den L\u00e4ufern in D\u0119bno erzielten Ergebnisse \u00f6ffneten den Teilnehmern die Tore f\u00fcr den Start bei Weltmarathons.<\/p>\n\n\n\n<p>Wir wurden mit der Organisation der polnischen Marathonmeisterschaften 23 Mal in der Kategorie der Frauen und 32 Mal in der Kategorie der M\u00e4nner beauftragt. Unser Marathon war viele Jahre lang das schnellste Rennen in Polen.&nbsp;<\/p>\n\n\n\n<p>&nbsp;&nbsp; &nbsp;Der D\u0119bno-Marathon ist ein fester Bestandteil im Marathonkalender polnischer L\u00e4ufer. Es ist auch ein echtes Lauffest in der HAUPTSTADT DES POLNISCHEN MARATHONS.<\/p>\n\n\n\n<p>&nbsp;&nbsp; &nbsp;Der Verein D\u0119bno ist an der Organisation der Veranstaltung beteiligt und viele Freiwillige arbeiten dort. Der ehemalige Vizepr\u00e4sident der PZLA, unser Freund Edward Stawiarz, sagte \u00fcber unseren Lauf: \u201eEs ist ein Marathon, der lebendig ist und eine Seele hat.\u201c Sie ist lebendig, weil alle, Jung und Alt, sie leben, sowohl in D\u0119bno als auch in den St\u00e4dten, durch die sie verl\u00e4uft.\u201c<\/p>\n\n\n\n<p><strong>Wir laden Sie zur Jubil\u00e4umsfeier unserer Veranstaltung im Jahr 2016 ein.<\/strong><\/p>\n\n\n\n<p>Anna Witkowska<\/p>\n\n\n\n<figure class=\"wp-block-image size-full\"><img decoding=\"async\" width=\"255\" height=\"216\" src=\"https:\/\/www.maratondebno.hmcloud.pl\/wp-content\/uploads\/2024\/01\/1450190020_880102e31237b1c5bf2ef5503c7fe930.jpg\" alt=\"\" class=\"wp-image-4349\" \/><\/figure>\n\n\n\n<p>Zdzis\u0142aw Bogusz und Micha\u0142 W\u00f3jcik (erster und dritter von links) in Begleitung ausl\u00e4ndischer Spieler.<\/p>\n\n\n\n<figure class=\"wp-block-image size-large\"><img decoding=\"async\" width=\"1024\" height=\"742\" src=\"https:\/\/www.maratondebno.hmcloud.pl\/wp-content\/uploads\/2024\/01\/1450190531_e81d857738822bd675a5e45c58448f2e-1024x742.jpg\" alt=\"\" class=\"wp-image-4350\" srcset=\"https:\/\/www.maratondebno.pl\/wp-content\/uploads\/2024\/01\/1450190531_e81d857738822bd675a5e45c58448f2e-1024x742.jpg 1024w, https:\/\/www.maratondebno.pl\/wp-content\/uploads\/2024\/01\/1450190531_e81d857738822bd675a5e45c58448f2e-300x217.jpg 300w, https:\/\/www.maratondebno.pl\/wp-content\/uploads\/2024\/01\/1450190531_e81d857738822bd675a5e45c58448f2e-768x556.jpg 768w, https:\/\/www.maratondebno.pl\/wp-content\/uploads\/2024\/01\/1450190531_e81d857738822bd675a5e45c58448f2e.jpg 1403w\" sizes=\"(max-width: 1024px) 100vw, 1024px\" \/><\/figure>\n\n\n\n<p>Auf der Rennstrecke.<\/p>\n\n\n\n<figure class=\"wp-block-image size-large\"><img loading=\"lazy\" decoding=\"async\" width=\"1024\" height=\"742\" src=\"https:\/\/www.maratondebno.hmcloud.pl\/wp-content\/uploads\/2024\/01\/1450190790_054d9115e8714806e2c4dd446a69acee-1024x742.jpg\" alt=\"\" class=\"wp-image-4356\" srcset=\"https:\/\/www.maratondebno.pl\/wp-content\/uploads\/2024\/01\/1450190790_054d9115e8714806e2c4dd446a69acee-1024x742.jpg 1024w, https:\/\/www.maratondebno.pl\/wp-content\/uploads\/2024\/01\/1450190790_054d9115e8714806e2c4dd446a69acee-300x217.jpg 300w, https:\/\/www.maratondebno.pl\/wp-content\/uploads\/2024\/01\/1450190790_054d9115e8714806e2c4dd446a69acee-768x556.jpg 768w, https:\/\/www.maratondebno.pl\/wp-content\/uploads\/2024\/01\/1450190790_054d9115e8714806e2c4dd446a69acee.jpg 1405w\" sizes=\"(max-width: 1024px) 100vw, 1024px\" \/><\/figure>\n\n\n\n<p>Der Marktf\u00fchrer in Cedynia.<\/p>\n\n\n\n<figure class=\"wp-block-image size-large\"><img loading=\"lazy\" decoding=\"async\" width=\"1024\" height=\"731\" src=\"https:\/\/www.maratondebno.hmcloud.pl\/wp-content\/uploads\/2024\/01\/1450190929_1d0fa988e76be0661633531e41c1f454-1-1024x731.jpg\" alt=\"\" class=\"wp-image-4357\" srcset=\"https:\/\/www.maratondebno.pl\/wp-content\/uploads\/2024\/01\/1450190929_1d0fa988e76be0661633531e41c1f454-1-1024x731.jpg 1024w, https:\/\/www.maratondebno.pl\/wp-content\/uploads\/2024\/01\/1450190929_1d0fa988e76be0661633531e41c1f454-1-300x214.jpg 300w, https:\/\/www.maratondebno.pl\/wp-content\/uploads\/2024\/01\/1450190929_1d0fa988e76be0661633531e41c1f454-1-768x548.jpg 768w, https:\/\/www.maratondebno.pl\/wp-content\/uploads\/2024\/01\/1450190929_1d0fa988e76be0661633531e41c1f454-1.jpg 1405w\" sizes=\"(max-width: 1024px) 100vw, 1024px\" \/><\/figure>\n\n\n\n<p>Beginnen Sie am Berg Czcibora. Henryk Braun (r\u00fcckw\u00e4rts) sp\u00e4t am Start. Auch der Polizist sei \u201eleicht\u201c verloren.<\/p>\n\n\n\n<figure class=\"wp-block-image size-full\"><img loading=\"lazy\" decoding=\"async\" width=\"944\" height=\"643\" src=\"https:\/\/www.maratondebno.hmcloud.pl\/wp-content\/uploads\/2024\/01\/1450191200_9423e1fd768d2ac5249d06e9cde8362e-1.jpg\" alt=\"\" class=\"wp-image-4353\" srcset=\"https:\/\/www.maratondebno.pl\/wp-content\/uploads\/2024\/01\/1450191200_9423e1fd768d2ac5249d06e9cde8362e-1.jpg 944w, https:\/\/www.maratondebno.pl\/wp-content\/uploads\/2024\/01\/1450191200_9423e1fd768d2ac5249d06e9cde8362e-1-300x204.jpg 300w, https:\/\/www.maratondebno.pl\/wp-content\/uploads\/2024\/01\/1450191200_9423e1fd768d2ac5249d06e9cde8362e-1-768x523.jpg 768w\" sizes=\"(max-width: 944px) 100vw, 944px\" \/><\/figure>\n\n\n\n<p>Eine wohlverdiente Pause nach dem Rennen.<\/p>\n\n\n\n<figure class=\"wp-block-image size-large\"><img loading=\"lazy\" decoding=\"async\" width=\"1024\" height=\"741\" src=\"https:\/\/www.maratondebno.hmcloud.pl\/wp-content\/uploads\/2024\/01\/1450191370_d696579e7f9fe93858af638b165da590-1024x741.jpg\" alt=\"\" class=\"wp-image-4354\" srcset=\"https:\/\/www.maratondebno.pl\/wp-content\/uploads\/2024\/01\/1450191370_d696579e7f9fe93858af638b165da590-1024x741.jpg 1024w, https:\/\/www.maratondebno.pl\/wp-content\/uploads\/2024\/01\/1450191370_d696579e7f9fe93858af638b165da590-300x217.jpg 300w, https:\/\/www.maratondebno.pl\/wp-content\/uploads\/2024\/01\/1450191370_d696579e7f9fe93858af638b165da590-768x555.jpg 768w, https:\/\/www.maratondebno.pl\/wp-content\/uploads\/2024\/01\/1450191370_d696579e7f9fe93858af638b165da590.jpg 1409w\" sizes=\"(max-width: 1024px) 100vw, 1024px\" \/><\/figure>\n\n\n\n<p>Zdzis\u0142aw Bogusz und Micha\u0142 W\u00f3jcik an der Spitze.<\/p>\n\n\n\n<figure class=\"wp-block-image size-large\"><img loading=\"lazy\" decoding=\"async\" width=\"1024\" height=\"712\" src=\"https:\/\/www.maratondebno.hmcloud.pl\/wp-content\/uploads\/2024\/01\/1450191499_d2e6f242d6c769b49faea6365e7709ce-1024x712.jpg\" alt=\"\" class=\"wp-image-4355\" srcset=\"https:\/\/www.maratondebno.pl\/wp-content\/uploads\/2024\/01\/1450191499_d2e6f242d6c769b49faea6365e7709ce-1024x712.jpg 1024w, https:\/\/www.maratondebno.pl\/wp-content\/uploads\/2024\/01\/1450191499_d2e6f242d6c769b49faea6365e7709ce-300x209.jpg 300w, https:\/\/www.maratondebno.pl\/wp-content\/uploads\/2024\/01\/1450191499_d2e6f242d6c769b49faea6365e7709ce-768x534.jpg 768w, https:\/\/www.maratondebno.pl\/wp-content\/uploads\/2024\/01\/1450191499_d2e6f242d6c769b49faea6365e7709ce.jpg 1104w\" sizes=\"(max-width: 1024px) 100vw, 1024px\" \/><\/figure>\n\n\n\n<p>Feierliche Er\u00f6ffnung des Rennens.<\/p>","protected":false},"excerpt":{"rendered":"<p>Im Jahr 2016 feiern wir das goldene Jubil\u00e4um der Organisation der ersten Ausgabe des Rennens.                D\u0119bno ist zu einem neuen polnischen Marathon geworden, bei dem jede Schlacht siegreich ist und jeder Held verherrlicht wird.<\/p>","protected":false},"author":2,"featured_media":4358,"comment_status":"closed","ping_status":"closed","sticky":false,"template":"","format":"standard","meta":{"footnotes":""},"categories":[1],"tags":[],"_links":{"self":[{"href":"https:\/\/www.maratondebno.pl\/de\/wp-json\/wp\/v2\/posts\/4347"}],"collection":[{"href":"https:\/\/www.maratondebno.pl\/de\/wp-json\/wp\/v2\/posts"}],"about":[{"href":"https:\/\/www.maratondebno.pl\/de\/wp-json\/wp\/v2\/types\/post"}],"author":[{"embeddable":true,"href":"https:\/\/www.maratondebno.pl\/de\/wp-json\/wp\/v2\/users\/2"}],"replies":[{"embeddable":true,"href":"https:\/\/www.maratondebno.pl\/de\/wp-json\/wp\/v2\/comments?post=4347"}],"version-history":[{"count":1,"href":"https:\/\/www.maratondebno.pl\/de\/wp-json\/wp\/v2\/posts\/4347\/revisions"}],"predecessor-version":[{"id":4359,"href":"https:\/\/www.maratondebno.pl\/de\/wp-json\/wp\/v2\/posts\/4347\/revisions\/4359"}],"wp:featuredmedia":[{"embeddable":true,"href":"https:\/\/www.maratondebno.pl\/de\/wp-json\/wp\/v2\/media\/4358"}],"wp:attachment":[{"href":"https:\/\/www.maratondebno.pl\/de\/wp-json\/wp\/v2\/media?parent=4347"}],"wp:term":[{"taxonomy":"category","embeddable":true,"href":"https:\/\/www.maratondebno.pl\/de\/wp-json\/wp\/v2\/categories?post=4347"},{"taxonomy":"post_tag","embeddable":true,"href":"https:\/\/www.maratondebno.pl\/de\/wp-json\/wp\/v2\/tags?post=4347"}],"curies":[{"name":"wp","href":"https:\/\/api.w.org\/{rel}","templated":true}]}}